{"id":6315,"date":"2019-12-08T12:24:00","date_gmt":"2019-12-08T11:24:00","guid":{"rendered":"http:\/\/www.diocesisplasencia.org\/w\/?p=6315"},"modified":"2019-12-08T12:24:00","modified_gmt":"2019-12-08T11:24:00","slug":"critas-50-aos-ayudando","status":"publish","type":"post","link":"https:\/\/diocesisplasencia.org\/hemeroteca\/critas-50-aos-ayudando\/","title":{"rendered":"C\u00e1ritas, 50 a\u00f1os ayudando"},"content":{"rendered":"<p><a href=\"https:\/\/www.elperiodicoextremadura.com\/noticias\/plasencia\/caritas-50-anos-ayudando_1205000.html?fbclid=IwAR3qdYANwbRlwMidjDXMi8AJK1XPii_gIlG_-XJz2zlVEFOI0DctEhG_6BE\" target=\"_blank\" rel=\"noopener noreferrer\">EL PERIODICO EXTREMADURA 08-12-19<\/a><\/p>\n<p>El 14 de octubre de 1969, se constitu\u00eda C\u00e1ritas Interparroquial de Plasencia por las parroquias de San Pedro, San Nicol\u00e1s, San Esteban y El Salvador. Naci\u00f3 con la vocaci\u00f3n de \u00abcompartir recursos para atender necesidades\u00bb. De esta forma, \u00ablas parroquias aportaban los recursos obtenidos en la colecta del primer domingo de mes y ayudaban a las familias necesitadas\u00bb. Porque entonces, \u00abno exist\u00edan los servicios sociales, solo ayudas que daba la Junta de Beneficencia al Ayuntamiento\u00bb.<!--more--><\/p>\n<p><p>Desde entonces y hasta hoy, han pasado 50 a\u00f1os y el responsable de C\u00e1ritas Interparroquial, Pablo Vicente, destaca que todo ha sido posible \u00abgracias a los voluntarios\u00bb. M\u00e1s de un centenar, seg\u00fan la memoria del 2018, que \u00abofrecen su tiempo y esfuerzos para los m\u00e1s d\u00e9biles de nuestra sociedad\u00bb.<\/p>\n<p>Porque han llevado a cabo proyectos para atajar el alcoholismo y la drogadicci\u00f3n, por la comunidad gitana, de alfabetizaci\u00f3n, talleres ocupacionales, manualidades, campamentos, educaci\u00f3n de adultos, de graduado escolar, taller de cocina y, en 1987, pone en marcha el ropero, situado actualmente en la avenida de la Vera y que ha llegado a atender a 150 familias y 90 personas sin hogar. Cuenta con 20 voluntarios.<\/p>\n<p>Actualmente y, fruto de un plan estrat\u00e9gico de actuaci\u00f3n, presta ayuda a las familias a trav\u00e9s de las parroquias, atendiendo a una media de 121 familias al a\u00f1o, que se dispar\u00f3 a 260 en el a\u00f1o 2011. La mayor demanda es para pagar luz, agua, vivienda, gas o gastos de farmacia.<\/p>\n<p>Tambi\u00e9n gestiona el comedor social y, en 1984, abri\u00f3 el hogar de Nazaret, para atender a mayores, donde actualmente hay 82 residentes y 17 plazas en centro de d\u00eda. Han pasado por esta instalaci\u00f3n unas 400 personas en estos a\u00f1os. \u00ab\u00bfQu\u00e9 hubiera pasado si esta C\u00e1ritas no hubiera funcionado\u00bb, se pregunta Pablo Vicente.<\/p>\n<p>Y, como ayuda al Tercer Mundo, desarrollan un proyecto de atenci\u00f3n primaria, formaci\u00f3n y desarrollo en Zimbabwe.<\/p>\n","protected":false},"excerpt":{"rendered":"<p>EL PERIODICO EXTREMADURA 08-12-19 El 14 de octubre de 1969, se constitu\u00eda C\u00e1ritas Interparroquial de Plasencia por las parroquias de San Pedro, San Nicol\u00e1s, San Esteban y El Salvador. Naci\u00f3 con la vocaci\u00f3n de \u00abcompartir recursos para atender necesidades\u00bb. De esta forma, \u00ablas parroquias aportaban&#8230;<\/p>\n","protected":false},"author":1,"featured_media":0,"comment_status":"closed","ping_status":"closed","sticky":false,"template":"","format":"standard","meta":{"footnotes":""},"categories":[43],"tags":[],"_links":{"self":[{"href":"https:\/\/diocesisplasencia.org\/hemeroteca\/wp-json\/wp\/v2\/posts\/6315"}],"collection":[{"href":"https:\/\/diocesisplasencia.org\/hemeroteca\/wp-json\/wp\/v2\/posts"}],"about":[{"href":"https:\/\/diocesisplasencia.org\/hemeroteca\/wp-json\/wp\/v2\/types\/post"}],"author":[{"embeddable":true,"href":"https:\/\/diocesisplasencia.org\/hemeroteca\/wp-json\/wp\/v2\/users\/1"}],"replies":[{"embeddable":true,"href":"https:\/\/diocesisplasencia.org\/hemeroteca\/wp-json\/wp\/v2\/comments?post=6315"}],"version-history":[{"count":0,"href":"https:\/\/diocesisplasencia.org\/hemeroteca\/wp-json\/wp\/v2\/posts\/6315\/revisions"}],"wp:attachment":[{"href":"https:\/\/diocesisplasencia.org\/hemeroteca\/wp-json\/wp\/v2\/media?parent=6315"}],"wp:term":[{"taxonomy":"category","embeddable":true,"href":"https:\/\/diocesisplasencia.org\/hemeroteca\/wp-json\/wp\/v2\/categories?post=6315"},{"taxonomy":"post_tag","embeddable":true,"href":"https:\/\/diocesisplasencia.org\/hemeroteca\/wp-json\/wp\/v2\/tags?post=6315"}],"curies":[{"name":"wp","href":"https:\/\/api.w.org\/{rel}","templated":true}]}}