{"id":6157,"date":"2019-11-10T17:55:00","date_gmt":"2019-11-10T16:55:00","guid":{"rendered":"http:\/\/www.diocesisplasencia.org\/w\/?p=6157"},"modified":"2019-11-10T17:55:00","modified_gmt":"2019-11-10T16:55:00","slug":"comienza-la-v-edicin-del-ciclo-de-conferencias-lunes-investiga","status":"publish","type":"post","link":"https:\/\/diocesisplasencia.org\/hemeroteca\/comienza-la-v-edicin-del-ciclo-de-conferencias-lunes-investiga\/","title":{"rendered":"Comienza la V edici\u00f3n del ciclo de conferencias &#8216;Lunes investiga&#8217;"},"content":{"rendered":"<p><a href=\"https:\/\/www.hoy.es\/plasencia\/comienza-edicion-ciclo-20191110002634-ntvo.html\" target=\"_blank\" rel=\"noopener noreferrer\">DIARIO HOY 10-11-19<\/a><\/p>\n<p>El Obispado de Plasencia ha organizado en colaboraci\u00f3n con las Catedrales y el Seminario Diocesano la V edici\u00f3n del ciclo de conferencias &#8216;Lunes investiga&#8217;, en el que se realizar\u00e1n ocho ponencias divulgativas que est\u00e1n impartidas por investigadores que acercar\u00e1n as\u00ed su trabajo y los avances en su \u00e1mbito de estudio a todo tipo de p\u00fablico.<!--more--><\/p>\n<p><p>La iconolog\u00eda her\u00e1ldica, el cine bollywoodiense, la imagen jacobea en las catedrales, el urbanismo de posguerra, el espacio arquitect\u00f3nico de las siller\u00edas de coro, el pecado secreto de Carlos V, la biblioteca de los Jesuitas y la restauraci\u00f3n de los bienes inmuebles de la Di\u00f3cesis son las tem\u00e1ticas de las conferencias. <\/p>\n<p>La primera es este lunes sobre &#8216;Her\u00e1ldica y simbolog\u00eda en las catedrales&#8217; y ser\u00e1 impartida por el cardi\u00f3logo Germ\u00e1n Corcho, a las 20 horas en el Seminario.<\/p>\n","protected":false},"excerpt":{"rendered":"<p>DIARIO HOY 10-11-19 El Obispado de Plasencia ha organizado en colaboraci\u00f3n con las Catedrales y el Seminario Diocesano la V edici\u00f3n del ciclo de conferencias &#8216;Lunes investiga&#8217;, en el que se realizar\u00e1n ocho ponencias divulgativas que est\u00e1n impartidas por investigadores que acercar\u00e1n as\u00ed su trabajo&#8230;<\/p>\n","protected":false},"author":1,"featured_media":0,"comment_status":"closed","ping_status":"closed","sticky":false,"template":"","format":"standard","meta":{"footnotes":""},"categories":[43],"tags":[],"_links":{"self":[{"href":"https:\/\/diocesisplasencia.org\/hemeroteca\/wp-json\/wp\/v2\/posts\/6157"}],"collection":[{"href":"https:\/\/diocesisplasencia.org\/hemeroteca\/wp-json\/wp\/v2\/posts"}],"about":[{"href":"https:\/\/diocesisplasencia.org\/hemeroteca\/wp-json\/wp\/v2\/types\/post"}],"author":[{"embeddable":true,"href":"https:\/\/diocesisplasencia.org\/hemeroteca\/wp-json\/wp\/v2\/users\/1"}],"replies":[{"embeddable":true,"href":"https:\/\/diocesisplasencia.org\/hemeroteca\/wp-json\/wp\/v2\/comments?post=6157"}],"version-history":[{"count":0,"href":"https:\/\/diocesisplasencia.org\/hemeroteca\/wp-json\/wp\/v2\/posts\/6157\/revisions"}],"wp:attachment":[{"href":"https:\/\/diocesisplasencia.org\/hemeroteca\/wp-json\/wp\/v2\/media?parent=6157"}],"wp:term":[{"taxonomy":"category","embeddable":true,"href":"https:\/\/diocesisplasencia.org\/hemeroteca\/wp-json\/wp\/v2\/categories?post=6157"},{"taxonomy":"post_tag","embeddable":true,"href":"https:\/\/diocesisplasencia.org\/hemeroteca\/wp-json\/wp\/v2\/tags?post=6157"}],"curies":[{"name":"wp","href":"https:\/\/api.w.org\/{rel}","templated":true}]}}