{"id":6150,"date":"2019-11-07T10:06:00","date_gmt":"2019-11-07T09:06:00","guid":{"rendered":"http:\/\/www.diocesisplasencia.org\/w\/?p=6150"},"modified":"2019-11-07T10:06:00","modified_gmt":"2019-11-07T09:06:00","slug":"plasencia-convocatoria-del-fondo-diocesano-del-1-para-proyectos","status":"publish","type":"post","link":"https:\/\/diocesisplasencia.org\/hemeroteca\/plasencia-convocatoria-del-fondo-diocesano-del-1-para-proyectos\/","title":{"rendered":"Plasencia: Convocatoria del fondo diocesano del 1% para proyectos"},"content":{"rendered":"<p><a href=\"https:\/\/www.agenciasic.es\/2019\/11\/07\/plasencia-convocatoria-del-fondo-diocesano-del-1-para-proyectos\/\" target=\"_blank\" rel=\"noopener noreferrer\">Agencia SIC 07\/11\/19<\/a><\/p>\n<p>Desde la Comisi\u00f3n de Administraci\u00f3n y Seguimiento del fondo diocesano del 1% para proyectos de desarrollo y solidaridad, integrada por diversos miembros e instituciones de la Di\u00f3cesis de Plasencia, se invita a presentar proyectos evangelizadores y de solidaridad que se est\u00e9n llevando a cabo con personas que trabajan en \u00abpa\u00edses en v\u00edas de desarrollo\u00bb o \u00abpa\u00edses menos adelantados\u00bb.<!--more--><\/p>\n<p><p>Por este fondo diocesano \u00ablas instituciones de la Di\u00f3cesis, como parroquias, movimientos, asociaciones, hermandades y cofrad\u00edas, y la misma di\u00f3cesis, destinan el 1% de sus presupuestos al Tercer Mundo\u00bb (Constituciones Sinodales, IV, 31).<\/p>\n<p>El 30 de diciembre de 2019, es la fecha l\u00edmite para presentar los proyectos a la Comisi\u00f3n de Administraci\u00f3n y Seguimiento del fondo diocesano.<\/p>\n<p><strong>Caracter\u00edsticas de los proyectos<\/strong><\/p>\n<p>Las caracter\u00edsticas que deben tener los proyectos, teniendo en cuenta<br \/>los Estatutos de este Fondo, son las siguientes:<\/p>\n<p>Presentaci\u00f3n detallada del proyecto en el que deben constar los siguientes datos: t\u00edtulo, datos personales del solicitante, ubicaci\u00f3n, contexto social y religioso, justificaci\u00f3n de su necesidad, beneficiarios y presupuesto de este.<\/p>\n<p>La asignaci\u00f3n correspondiente a cada proyecto aprobado no pretende cubrir la totalidad, sino que debe entenderse como una colaboraci\u00f3n que hace la Di\u00f3cesis de Plasencia a trav\u00e9s de este organismo.<\/p>\n<p>Se primar\u00e1 la diocesaneidad de la persona o instituci\u00f3n que proponga el proyecto y la afectaci\u00f3n a personas sobre bienes muebles o inmuebles, teniendo en cuenta el siguiente orden preferencial: ni\u00f1os, j\u00f3venes y adultos.<\/p>\n<p>Se establecer\u00e1 un criterio de justa distribuci\u00f3n por el cual, se dar\u00e1 prioridad a aquellas instituciones que en a\u00f1os anteriores no hayan recibido ninguna ayuda econ\u00f3mica por parte de esta Comisi\u00f3n.<\/p>\n<p>Se valorar\u00e1 positivamente si el proyecto presentado es gestionado directamente por la persona\/instituci\u00f3n o que lo solicita, o si, por el contrario, hace de intermediario de otras personas o instituciones.<\/p>\n<p>Las personas o instituciones que hayan visto aprobados sus proyectos deber\u00e1n remitir a esta \u00abComisi\u00f3n de Administraci\u00f3n y Seguimiento\u00bb una justificaci\u00f3n documental (facturas, fotograf\u00edas, otro tipo de documentaci\u00f3n) de los gastos e inversiones de estos.<\/p>\n<p>Los proyectos deben hacerse llegar a esta Comisi\u00f3n, y siempre antes de la fecha indicada, a trav\u00e9s de los siguientes cauces:<\/p>\n<p>Correo postal:<br \/>Fondo Diocesano del 1%<br \/>Obispado de Plasencia<br \/>Plaza de la Catedral, sn.<br \/>10600 Plasencia (C\u00e1ceres)<\/p>\n<p>Correo electr\u00f3nico:<br \/>fondodiocesano1porciento@hotmail.com<br \/>Tel\u00e9fono, en caso de dudas, preguntas e informaciones<br \/>complementarias:<br \/>927411612<\/p>\n","protected":false},"excerpt":{"rendered":"<p>Agencia SIC 07\/11\/19 Desde la Comisi\u00f3n de Administraci\u00f3n y Seguimiento del fondo diocesano del 1% para proyectos de desarrollo y solidaridad, integrada por diversos miembros e instituciones de la Di\u00f3cesis de Plasencia, se invita a presentar proyectos evangelizadores y de solidaridad que se est\u00e9n llevando&#8230;<\/p>\n","protected":false},"author":1,"featured_media":0,"comment_status":"closed","ping_status":"closed","sticky":false,"template":"","format":"standard","meta":{"footnotes":""},"categories":[43],"tags":[],"_links":{"self":[{"href":"https:\/\/diocesisplasencia.org\/hemeroteca\/wp-json\/wp\/v2\/posts\/6150"}],"collection":[{"href":"https:\/\/diocesisplasencia.org\/hemeroteca\/wp-json\/wp\/v2\/posts"}],"about":[{"href":"https:\/\/diocesisplasencia.org\/hemeroteca\/wp-json\/wp\/v2\/types\/post"}],"author":[{"embeddable":true,"href":"https:\/\/diocesisplasencia.org\/hemeroteca\/wp-json\/wp\/v2\/users\/1"}],"replies":[{"embeddable":true,"href":"https:\/\/diocesisplasencia.org\/hemeroteca\/wp-json\/wp\/v2\/comments?post=6150"}],"version-history":[{"count":0,"href":"https:\/\/diocesisplasencia.org\/hemeroteca\/wp-json\/wp\/v2\/posts\/6150\/revisions"}],"wp:attachment":[{"href":"https:\/\/diocesisplasencia.org\/hemeroteca\/wp-json\/wp\/v2\/media?parent=6150"}],"wp:term":[{"taxonomy":"category","embeddable":true,"href":"https:\/\/diocesisplasencia.org\/hemeroteca\/wp-json\/wp\/v2\/categories?post=6150"},{"taxonomy":"post_tag","embeddable":true,"href":"https:\/\/diocesisplasencia.org\/hemeroteca\/wp-json\/wp\/v2\/tags?post=6150"}],"curies":[{"name":"wp","href":"https:\/\/api.w.org\/{rel}","templated":true}]}}