{"id":6013,"date":"2019-10-04T16:30:00","date_gmt":"2019-10-04T14:30:00","guid":{"rendered":"http:\/\/www.diocesisplasencia.org\/w\/?p=6013"},"modified":"2019-10-04T16:30:00","modified_gmt":"2019-10-04T14:30:00","slug":"celebracin-del-25-aniversario-de-la-provincia-eclesistica-de-extremadura-en-mrida","status":"publish","type":"post","link":"https:\/\/diocesisplasencia.org\/hemeroteca\/celebracin-del-25-aniversario-de-la-provincia-eclesistica-de-extremadura-en-mrida\/","title":{"rendered":"Celebraci\u00f3n del 25 aniversario de la provincia eclesi\u00e1stica de Extremadura en M\u00e9rida"},"content":{"rendered":"<p style=\"text-align: center\"><a href=\"http:\/\/www.diocesisplasencia.org\/w\/wp-content\/uploads\/2019\/10\/carta_01.gif\"><img decoding=\"async\" src=\"http:\/\/www.diocesisplasencia.org\/w\/wp-content\/uploads\/2019\/10\/carta_01.gif\" class=\"wp-image-6030 aligncenter size-full\" height=\"101\" alt=\"\" width=\"400\"><\/a><strong>Carta a todos los sacerdotes con motivo del XXV aniversario de la erecci\u00f3n de la Provincia Eclesi\u00e1stica de M\u00e9rida-Badajoz<\/strong><\/p>\n<p style=\"text-align: right\">Badajoz\/C\u00e1ceres\/Plasencia, 23 de septiembre de 2019<\/p>\n<p>Queridos hermanos sacerdotes:<\/p>\n<p>El pasado d\u00eda 28 de julio se cumplieron 25 a\u00f1os de la Provincia eclesi\u00e1stica de M\u00e9rida-Badajoz, creada por el Papa San Juan Pablo II por la Bula Universae Ecclesiae sustinentes, cuyo acto de ejecuci\u00f3n tuvo lugar en el Teatro romano de M\u00e9rida el d\u00eda 12 de octubre de aquel mismo a\u00f1o, con la toma de posesi\u00f3n del primer arzobispo metropolitano, Don Antonio Montero Moreno, al que acompa\u00f1aban, entre otros, los obispos de Coria-C\u00e1ceres, Don Ciriaco Benavente, y de Plasencia, Don Carlos L\u00f3pez.<br \/>\n<!--more--><br \/>\nLa creaci\u00f3n de la Provincia eclesi\u00e1stica vino a dar forma institucional al deseo expresado por los obispos, los sacerdotes, los religiosos y los laicos especialmente sensibilizados acerca de la oportunidad y aun necesidad de que las di\u00f3cesis extreme\u00f1as dispusieran de un cauce jur\u00eddico adecuado para fortalecer entre ellas la unidad de acci\u00f3n pastoral y abrir nuevos caminos a su compromiso evangelizador. Junto a este sentir eclesial, ampliamente extendido, eran tambi\u00e9n muchos los que valoraron la creaci\u00f3n de la Provincia eclesi\u00e1stica como un instrumento m\u00e1s para acrecentar la conciencia de identidad del pueblo extreme\u00f1o.<br \/>\nPasados 25 a\u00f1os, es el momento de recordar y agradecer aquellos acontecimientos como una gracia del Se\u00f1or a nuestras iglesias, para desplegar en el presente las virtualidades de aquel don y para proyectar el futuro con esperanza renovada.<\/p>\n<p>Por eso, os convocamos a los actos conmemorativos que tendr\u00e1n lugar en M\u00e9rida el d\u00eda 11 de octubre, conforme al siguiente programa:<br \/>\n+ Conferencia: La Provincia Eclesi\u00e1stica en el Vaticano II.<br \/>\n+ Eucarist\u00eda.<\/p>\n<p>Esperamos especialmente de los sacerdotes una presencia numerosa y confiamos a su buen criterio la manera de informar a los fieles y de invitarles a participar en dichos actos, en los que queremos expresar nuestra gratitud al Se\u00f1or y celebrar juntos la alegr\u00eda de ser hermanos en la comuni\u00f3n formada por las tres di\u00f3cesis de nuestra Provincia eclesi\u00e1stica.<\/p>\n<p>Santa Mar\u00eda de Guadalupe, patrona de Extremadura, que ha acompa\u00f1ado todo este itinerario eclesial, har\u00e1 cada vez m\u00e1s fuerte, como buena madre, esa comuni\u00f3n.<br \/>\nCon nuestro afecto y bendici\u00f3n<\/p>\n<p><a href=\"http:\/\/www.diocesisplasencia.org\/w\/wp-content\/uploads\/2019\/10\/carta_02.jpg\"><img fetchpriority=\"high\" decoding=\"async\" src=\"http:\/\/www.diocesisplasencia.org\/w\/wp-content\/uploads\/2019\/10\/carta_02.jpg\" class=\"wp-image-6031 aligncenter size-full\" height=\"174\" alt=\"\" width=\"400\"><\/a><\/p>\n<p><a href=\"http:\/\/www.diocesisplasencia.org\/w\/wp-content\/uploads\/2015\/Celebracin-del-25-aniversario-de-la-prov_94CC\/WhatsApp-Image-2019-09-26-at-08.03.01.jpg\"><img decoding=\"async\" src=\"http:\/\/www.diocesisplasencia.org\/w\/wp-content\/uploads\/2015\/Celebracin-del-25-aniversario-de-la-prov_94CC\/WhatsApp-Image-2019-09-26-at-08.03.01_thumb.jpg\" border=\"0\" height=\"118\" alt=\"WhatsApp Image 2019-09-26 at 08.03.01\" width=\"244\" title=\"WhatsApp Image 2019-09-26 at 08.03.01\" style=\"background-image: none; padding-top: 0px; padding-left: 0px; display: inline; padding-right: 0px; border-width: 0px\"><\/a><\/p>\n<p>El\u00a0 12\u00a0 de\u00a0 octubre\u00a0 de\u00a0 1994\u00a0 tomaba\u00a0 posesi\u00f3n\u00a0 como\u00a0 primer\u00a0 arzobispo\u00a0 en\u00a0 el\u00a0 Teatro\u00a0 Romano de M\u00e9rida don Antonio\u00a0 Montero.\u00a0 Fue\u00a0 en\u00a0 una\u00a0 celebraci\u00f3n\u00a0\u00a0\u00a0 multitudinaria\u00a0\u00a0\u00a0 con\u00a0 16\u00a0 obispos,\u00a0 400\u00a0 sacerdotes\u00a0 y\u00a0 4.500\u00a0 fieles.\u00a0 Desde\u00a0 entonces\u00a0 han\u00a0 pasado\u00a0 ya\u00a0 25\u00a0 a\u00f1os,\u00a0 que\u00a0 se\u00a0 van\u00a0 a\u00a0 conmemorar\u00a0 entre\u00a0 el\u00a0 7\u00a0 y\u00a0 el\u00a0 11\u00a0 de\u00a0 octubre\u00a0\u00a0 con\u00a0\u00a0 una\u00a0\u00a0 serie\u00a0\u00a0 de\u00a0\u00a0 actos en M\u00e9rida.<\/p>\n<p><!--more--><\/p>\n<p>Una\u00a0 provincia\u00a0 eclesi\u00e1stica\u00a0 est\u00e1\u00a0 constituida\u00a0 por\u00a0 varias\u00a0 di\u00f3cesis, al frente de las que se\u00a0\u00a0 halla\u00a0\u00a0 un\u00a0\u00a0 arzobispo.\u00a0\u00a0 La\u00a0\u00a0 di\u00f3cesis\u00a0 principal\u00a0 es\u00a0 la\u00a0 sede\u00a0 metropolitana\u00a0 y\u00a0 las\u00a0 otras\u00a0 se\u00a0 denominan sufrag\u00e1neas. En\u00a0 v\u00edsperas\u00a0 de\u00a0 su\u00a0 toma\u00a0 de\u00a0\u00a0 posesi\u00f3n\u00a0\u00a0 como\u00a0 primer arzobispo de M\u00e9rida-Badajoz,\u00a0 don\u00a0 Antonio\u00a0 Montero\u00a0 se\u00a0 refer\u00eda\u00a0 a\u00a0 este\u00a0 hecho\u00a0 hist\u00f3rico\u00a0 en\u00a0 Iglesia\u00a0 en\u00a0 camino.\u00a0 \u201cLa\u00a0 Bula\u00a0 Universae\u00a0 Ecclesiae, de\u00a0 28\u00a0 de\u00a0 julio\u00a0 de\u00a0 1994\u00a0 es\u00a0 ya\u00a0 un documento hist\u00f3rico por el\u00a0 que\u00a0 el\u00a0 papa\u00a0 Juan\u00a0 Pablo\u00a0 II\u00a0 segrega de la Provincia eclesi\u00e1stica de Toledo las di\u00f3cesis\u00a0 de\u00a0 Coria-C\u00e1ceres,\u00a0 y\u00a0 de\u00a0 Plasencia,\u00a0 y\u00a0 de\u00a0 la\u00a0 de\u00a0 Sevilla\u00a0 la\u00a0 de\u00a0 Badajoz,\u00a0 para\u00a0 constituir a las tres, en nueva Provincia eclesi\u00e1stica\u201d. La\u00a0 nueva\u00a0 realidad\u00a0 ha\u00a0 potenciado\u00a0\u00a0\u00a0 notablemente la comuni\u00f3n entre las tres di\u00f3cesis\u00a0 hermanas\u00a0 y\u00a0 ha\u00a0 ayudado a la acci\u00f3n\u00a0 pastoral\u00a0 conjunta de M\u00e9rida-Badajoz,\u00a0\u00a0\u00a0 Coria-C\u00e1ceres y Plasencia.<\/p>\n<p><strong>Programa de celebraciones<\/strong><br \/>\nD\u00eda 7, lunes en la Concatedral:<br \/>\n\u202219\u201930: Eucarist\u00eda presidida por D. Mateo Blanco Cotano, vicario general de la Archidi\u00f3cesis de M\u00e9rida-Badajoz. Tema: la Iglesia misterio.<br \/>\n\u202220\u201930 h.: Inauguraci\u00f3n de la muestra conmemorativa sobre la erecci\u00f3n de la Provincia eclesi\u00e1stica.<\/p>\n<p>D\u00eda 8, martes en la Concatedral:<br \/>\n\u202219\u201930: Eucarist\u00eda presidida por D. Diego Zambrano L\u00f3pez, vicario general de la Di\u00f3cesis de Coria-C\u00e1ceres.<\/p>\n<p>D\u00eda 9, mi\u00e9rcoles en la Concatedral:<br \/>\n\u202219\u201930: Eucarist\u00eda <em>presidida por D. Jacinto N\u00fa\u00f1ez Regod\u00f3n, vicario general de la Di\u00f3cesis de Plasencia. <\/em><\/p>\n<p>D\u00eda 10, jueves en la Concatedral:<br \/>\n\u202219\u201930: Eucarist\u00eda y oraci\u00f3n eucar\u00edstica presidida por D. Juan \u00c1ngeles Cascos Gonz\u00e1lez, De\u00e1n del Cabildo emeritense.<\/p>\n<p><strong>D\u00eda 11, viernes<\/strong><\/p>\n<p>En la Bas\u00edlica de Santa Eulalia:<br \/>\n\u202218 h.: Oraci\u00f3n inicial.<br \/>\nSaludo de don Celso Morga y presentaci\u00f3n del ponente.<br \/>\n\u2022 Conferencia sobre el Concilio Vaticano II, a cargo de Monse\u00f1or Agostino Marchetto, arzobispo em\u00e9rito secretario del Consejo Pontifico para la pastoral de migrantes e itinerantes.<br \/>\n\u2022 Saludo del Rector de la Bas\u00edlica y De\u00e1n de la Concatedral<\/p>\n<p>En la Concatedral:<br \/>\n\u2022 19:30.: Eucarist\u00eda presidida por el\u00a0 Sr. arzobispo, con la concelebraci\u00f3n de los Obispos y sacerdotes de las di\u00f3cesis de Extremadura.<br \/>\n\u2022 Descubrimiento de una placa de agradecimiento de la Provincia Eclesi\u00e1stica a D. Antonio Montero Moreno, primer arzobispo de M\u00e9rida-Badajoz.<br \/>\n\u2022 Descubrimiento y bendici\u00f3n de dos cuadros-medallones, uno de San Juan Pablo II, papa que erigi\u00f3 la Provincia eclesi\u00e1stica de M\u00e9rida-Badajoz, y otro del Beato Padre Crist\u00f3bal de Santa Catalina, primer beato despu\u00e9s de la constituci\u00f3n de la Archidi\u00f3cesis.<\/p>\n","protected":false},"excerpt":{"rendered":"<p>Carta a todos los sacerdotes con motivo del XXV aniversario de la erecci\u00f3n de la Provincia Eclesi\u00e1stica de M\u00e9rida-Badajoz Badajoz\/C\u00e1ceres\/Plasencia, 23 de septiembre de 2019 Queridos hermanos sacerdotes: El pasado d\u00eda 28 de julio se cumplieron 25 a\u00f1os de la Provincia eclesi\u00e1stica de M\u00e9rida-Badajoz, creada&#8230;<\/p>\n","protected":false},"author":1,"featured_media":0,"comment_status":"closed","ping_status":"closed","sticky":false,"template":"","format":"standard","meta":{"footnotes":""},"categories":[35],"tags":[],"_links":{"self":[{"href":"https:\/\/diocesisplasencia.org\/hemeroteca\/wp-json\/wp\/v2\/posts\/6013"}],"collection":[{"href":"https:\/\/diocesisplasencia.org\/hemeroteca\/wp-json\/wp\/v2\/posts"}],"about":[{"href":"https:\/\/diocesisplasencia.org\/hemeroteca\/wp-json\/wp\/v2\/types\/post"}],"author":[{"embeddable":true,"href":"https:\/\/diocesisplasencia.org\/hemeroteca\/wp-json\/wp\/v2\/users\/1"}],"replies":[{"embeddable":true,"href":"https:\/\/diocesisplasencia.org\/hemeroteca\/wp-json\/wp\/v2\/comments?post=6013"}],"version-history":[{"count":0,"href":"https:\/\/diocesisplasencia.org\/hemeroteca\/wp-json\/wp\/v2\/posts\/6013\/revisions"}],"wp:attachment":[{"href":"https:\/\/diocesisplasencia.org\/hemeroteca\/wp-json\/wp\/v2\/media?parent=6013"}],"wp:term":[{"taxonomy":"category","embeddable":true,"href":"https:\/\/diocesisplasencia.org\/hemeroteca\/wp-json\/wp\/v2\/categories?post=6013"},{"taxonomy":"post_tag","embeddable":true,"href":"https:\/\/diocesisplasencia.org\/hemeroteca\/wp-json\/wp\/v2\/tags?post=6013"}],"curies":[{"name":"wp","href":"https:\/\/api.w.org\/{rel}","templated":true}]}}