{"id":5976,"date":"2019-10-14T10:09:44","date_gmt":"2019-10-14T08:09:44","guid":{"rendered":"http:\/\/www.diocesisplasencia.org\/w\/?p=5976"},"modified":"2019-10-14T10:09:44","modified_gmt":"2019-10-14T08:09:44","slug":"encuentro-diocesano-de-laicos","status":"publish","type":"post","link":"https:\/\/diocesisplasencia.org\/hemeroteca\/encuentro-diocesano-de-laicos\/","title":{"rendered":"Encuentro diocesano de laicos"},"content":{"rendered":"<p><a href=\"http:\/\/www.diocesisplasencia.org\/w\/wp-content\/uploads\/2015\/Encuentro-diocesano-de-laicos_8E0C\/IMG_8317.jpg\"><img decoding=\"async\" title=\"IMG_8317\" style=\"border-left-width: 0px; border-right-width: 0px; background-image: none; border-bottom-width: 0px; padding-top: 0px; padding-left: 0px; display: inline; padding-right: 0px; border-top-width: 0px\" alt=\"IMG_8317\" src=\"http:\/\/www.diocesisplasencia.org\/w\/wp-content\/uploads\/2015\/Encuentro-diocesano-de-laicos_8E0C\/IMG_8317_thumb.jpg\" width=\"244\" height=\"164\" border=\"0\"><\/a><\/p>\n<p>Con motivo del Congreso de Laicos Nacional que acoger\u00e1 en febrero Madrid, bajo el lema \u201cPueblo de Dios en salida\u201d, el s\u00e1bado 19 de octubre, tendr\u00e1 lugar un Encuentro diocesano de laicos en Plasencia, en los Servicios Generales de C\u00e1ritas Diocesana, situados en la carretera de Circunvalaci\u00f3n Sur.<\/p>\n<p><!--more--><\/p>\n<p>El Plan de Pastoral de la CEE (2016-2020) prev\u00e9 la celebraci\u00f3n del citado Congreso, en febrero de 2020 en Madrid, al que se convocar\u00e1 a todo el Pueblo de Dios \u2013obispos, presb\u00edteros, consagrados y laicos\u2013. La organizaci\u00f3n de este congreso ha sido encomendada a la Comisi\u00f3n Episcopal de Apostolado Seglar de la Conferencia Episcopal Espa\u00f1ola, con el deseo de que la reflexi\u00f3n principal gire en torno al laicado, parte fundamental de ese Pueblo de Dios, y a su papel en la Iglesia y en el mundo.<\/p>\n<p><strong>Programa encuentro diocesano<\/strong><br \/>\n09,30: ACOGIDA y entrega de material.&nbsp;<\/p>\n<p>10,00: ORACI\u00d3N INICIAL<\/p>\n<p>10,15: Saludo del Sr. Obispo. Explicaci\u00f3n del proceso abierto con motivo del Congreso de Laicos y del objetivo de este Encuentro&nbsp; Diocesano.&nbsp; Felipe Garc\u00eda, Delegado de A. Seglar.<\/p>\n<p>10,30: Presentaci\u00f3n del Encuentro,&nbsp; din\u00e1mica y m\u00e9todo. Marivi, Directora del Secretariado Diocesano de Pastoral Obrera y Presidenta Diocesana de la HOAC.<\/p>\n<p>10,45: TRABAJO POR GRUPOS. Respuesta a los Cuestionarios.&nbsp; 3 grupos seg\u00fan los bloques del VER, JUZGAR Y ACTUAR.&nbsp; Moderadores: Jes\u00fas (Hermandades y Cofrad\u00edas), Arantxa (Manos Unidas) y Lorenzo (HOAC).&nbsp;&nbsp;&nbsp; Secretarias: Carmen (Movimiento R. Cristiano), Serafina (JEC) y Pilar (Acci\u00f3n Cat\u00f3lica General).<\/p>\n<p>12,00: DESCANSO<\/p>\n<p>12,30: PLENARIO. Puesta en com\u00fan de lo trabajado en los grupos. Di\u00e1logo. Modera, Quili, militante del Movimiento Rural Cristiano.<\/p>\n<p>14.00: CLAUSURA. Oraci\u00f3n oficial del Congreso.<\/p>\n","protected":false},"excerpt":{"rendered":"<p>Con motivo del Congreso de Laicos Nacional que acoger\u00e1 en febrero Madrid, bajo el lema \u201cPueblo de Dios en salida\u201d, el s\u00e1bado 19 de octubre, tendr\u00e1 lugar un Encuentro diocesano de laicos en Plasencia, en los Servicios Generales de C\u00e1ritas Diocesana, situados en la carretera&#8230;<\/p>\n","protected":false},"author":1,"featured_media":0,"comment_status":"closed","ping_status":"closed","sticky":false,"template":"","format":"standard","meta":{"footnotes":""},"categories":[35],"tags":[],"_links":{"self":[{"href":"https:\/\/diocesisplasencia.org\/hemeroteca\/wp-json\/wp\/v2\/posts\/5976"}],"collection":[{"href":"https:\/\/diocesisplasencia.org\/hemeroteca\/wp-json\/wp\/v2\/posts"}],"about":[{"href":"https:\/\/diocesisplasencia.org\/hemeroteca\/wp-json\/wp\/v2\/types\/post"}],"author":[{"embeddable":true,"href":"https:\/\/diocesisplasencia.org\/hemeroteca\/wp-json\/wp\/v2\/users\/1"}],"replies":[{"embeddable":true,"href":"https:\/\/diocesisplasencia.org\/hemeroteca\/wp-json\/wp\/v2\/comments?post=5976"}],"version-history":[{"count":0,"href":"https:\/\/diocesisplasencia.org\/hemeroteca\/wp-json\/wp\/v2\/posts\/5976\/revisions"}],"wp:attachment":[{"href":"https:\/\/diocesisplasencia.org\/hemeroteca\/wp-json\/wp\/v2\/media?parent=5976"}],"wp:term":[{"taxonomy":"category","embeddable":true,"href":"https:\/\/diocesisplasencia.org\/hemeroteca\/wp-json\/wp\/v2\/categories?post=5976"},{"taxonomy":"post_tag","embeddable":true,"href":"https:\/\/diocesisplasencia.org\/hemeroteca\/wp-json\/wp\/v2\/tags?post=5976"}],"curies":[{"name":"wp","href":"https:\/\/api.w.org\/{rel}","templated":true}]}}