{"id":5936,"date":"2019-08-10T18:44:00","date_gmt":"2019-08-10T16:44:00","guid":{"rendered":"http:\/\/www.diocesisplasencia.org\/w\/?p=5936"},"modified":"2019-08-10T18:44:00","modified_gmt":"2019-08-10T16:44:00","slug":"el-padre-jos-mara-franco-nuevo-superior-general","status":"publish","type":"post","link":"https:\/\/diocesisplasencia.org\/hemeroteca\/el-padre-jos-mara-franco-nuevo-superior-general\/","title":{"rendered":"El padre Jos\u00e9 Luis Garc\u00eda nuevo superior general de los Misioneros del Sagrado Coraz\u00f3n"},"content":{"rendered":"<p><a href=\"http:\/\/www.diocesisplasencia.org\/w\/wp-content\/uploads\/2019\/08\/ab9fef658235455a8be5224ee0c617be.jpg\"><img decoding=\"async\" title=\"ab9fef65-8235-455a-8be5-224ee0c617be\" style=\"border-left-width: 0px; border-right-width: 0px; border-bottom-width: 0px; display: inline; border-top-width: 0px\" border=\"0\" alt=\"ab9fef65-8235-455a-8be5-224ee0c617be\" src=\"http:\/\/www.diocesisplasencia.org\/w\/wp-content\/uploads\/2019\/08\/ab9fef658235455a8be5224ee0c617be_thumb.jpg\" width=\"244\" height=\"164\"><\/a> <\/p>\n<p align=\"justify\">El padre Jos\u00e9 Garc\u00eda Franco (MSC), hasta ahora p\u00e1rroco de Serradilla, fue elegido el pasado 14 de julio, Superior General de los Misioneros del Sagrado Coraz\u00f3n (MSC) y de Santa Mar\u00eda de Guadalupe. <\/p>\n<p><!--more--><\/p>\n<p align=\"justify\">Este instituto de Vida Consagrada y misionera, tiene su fundaci\u00f3n en M\u00e9jico y presencia actual en varias localidades del arciprestazgo de Mirabel. <\/p>\n<p align=\"justify\">\u00a1Nuestra felicitaci\u00f3n y oraciones al nuevo Superior General!.<\/p>\n","protected":false},"excerpt":{"rendered":"<p>El padre Jos\u00e9 Garc\u00eda Franco (MSC), hasta ahora p\u00e1rroco de Serradilla, fue elegido el pasado 14 de julio, Superior General de los Misioneros del Sagrado Coraz\u00f3n (MSC) y de Santa Mar\u00eda de Guadalupe.<\/p>\n","protected":false},"author":1,"featured_media":0,"comment_status":"closed","ping_status":"closed","sticky":false,"template":"","format":"standard","meta":{"footnotes":""},"categories":[35],"tags":[],"_links":{"self":[{"href":"https:\/\/diocesisplasencia.org\/hemeroteca\/wp-json\/wp\/v2\/posts\/5936"}],"collection":[{"href":"https:\/\/diocesisplasencia.org\/hemeroteca\/wp-json\/wp\/v2\/posts"}],"about":[{"href":"https:\/\/diocesisplasencia.org\/hemeroteca\/wp-json\/wp\/v2\/types\/post"}],"author":[{"embeddable":true,"href":"https:\/\/diocesisplasencia.org\/hemeroteca\/wp-json\/wp\/v2\/users\/1"}],"replies":[{"embeddable":true,"href":"https:\/\/diocesisplasencia.org\/hemeroteca\/wp-json\/wp\/v2\/comments?post=5936"}],"version-history":[{"count":0,"href":"https:\/\/diocesisplasencia.org\/hemeroteca\/wp-json\/wp\/v2\/posts\/5936\/revisions"}],"wp:attachment":[{"href":"https:\/\/diocesisplasencia.org\/hemeroteca\/wp-json\/wp\/v2\/media?parent=5936"}],"wp:term":[{"taxonomy":"category","embeddable":true,"href":"https:\/\/diocesisplasencia.org\/hemeroteca\/wp-json\/wp\/v2\/categories?post=5936"},{"taxonomy":"post_tag","embeddable":true,"href":"https:\/\/diocesisplasencia.org\/hemeroteca\/wp-json\/wp\/v2\/tags?post=5936"}],"curies":[{"name":"wp","href":"https:\/\/api.w.org\/{rel}","templated":true}]}}