{"id":5908,"date":"2019-07-16T10:48:00","date_gmt":"2019-07-16T08:48:00","guid":{"rendered":"http:\/\/www.diocesisplasencia.org\/w\/?p=5908"},"modified":"2019-07-16T10:48:00","modified_gmt":"2019-07-16T08:48:00","slug":"el-vicerrector-de-la-upsa-jacinto-nez-nombrado-vicario-general-de-plasencia","status":"publish","type":"post","link":"https:\/\/diocesisplasencia.org\/hemeroteca\/el-vicerrector-de-la-upsa-jacinto-nez-nombrado-vicario-general-de-plasencia\/","title":{"rendered":"El vicerrector de la UPSA, Jacinto N\u00fa\u00f1ez, nombrado vicario general de Plasencia"},"content":{"rendered":"<p><a href=\"https:\/\/www.religiondigital.org\/vida-religiosa\/vicerrector-UPSA-nombrado-vicario-Plasencia_0_2140585923.html\" target=\"_blank\" rel=\"noopener noreferrer\">RELIGI\u00d3N DIGITAL 16-07-19<\/a><\/p>\n<h4>El obispo de Plasencia, monse\u00f1or Jos\u00e9 Luis Retana Gozalo, ha nombrado hoy, lunes 15 de julio, al vicerrector de Relaciones Institucionales y Comunidad Universitaria, <strong>Jacinto N\u00fa\u00f1ez<\/strong> Regod\u00f3n, vicario general y moderador de Curia de la di\u00f3cesis de Plasencia.<\/h4>\n<p>Jacinto N\u00fa\u00f1ez, <strong>catedr\u00e1tico de Sagrada Escritura<\/strong>: Nuevo Testamento II, en la Facultad de Teolog\u00eda, es vicerrector desde 2015 y anteriormente fue decano de Teolog\u00eda y director del Colegio Mayor Santa Mar\u00eda.<br clear=\"all\"><!--more-->Adem\u00e1s, es miembro de la Comisi\u00f3n Asesora de la Comisi\u00f3n Episcopal para la <strong>Doctrina de la Fe<\/strong>, de la Conferencia Episcopal Espa\u00f1ola, y patrono de la Fundaci\u00f3n Pablo VI.<\/p>\n<p>Adem\u00e1s de vicario general, el obispo de Plasencia tambi\u00e9n ha nombrado vicario de pastoral a Francisco Eustaquio Barrado Broncano, director del Instituto Espa\u00f1ol B\u00edblico Arqueol\u00f3gico &#8211; Casa de Santiago de Jerusal\u00e9n, centro dependiente de la <strong>Universidad Pontificia de Salamanca<\/strong>.<\/p>\n","protected":false},"excerpt":{"rendered":"<p>RELIGI\u00d3N DIGITAL 16-07-19 El obispo de Plasencia, monse\u00f1or Jos\u00e9 Luis Retana Gozalo, ha nombrado hoy, lunes 15 de julio, al vicerrector de Relaciones Institucionales y Comunidad Universitaria, Jacinto N\u00fa\u00f1ez Regod\u00f3n, vicario general y moderador de Curia de la di\u00f3cesis de Plasencia. Jacinto N\u00fa\u00f1ez, catedr\u00e1tico de&#8230;<\/p>\n","protected":false},"author":1,"featured_media":0,"comment_status":"closed","ping_status":"closed","sticky":false,"template":"","format":"standard","meta":{"footnotes":""},"categories":[43],"tags":[],"_links":{"self":[{"href":"https:\/\/diocesisplasencia.org\/hemeroteca\/wp-json\/wp\/v2\/posts\/5908"}],"collection":[{"href":"https:\/\/diocesisplasencia.org\/hemeroteca\/wp-json\/wp\/v2\/posts"}],"about":[{"href":"https:\/\/diocesisplasencia.org\/hemeroteca\/wp-json\/wp\/v2\/types\/post"}],"author":[{"embeddable":true,"href":"https:\/\/diocesisplasencia.org\/hemeroteca\/wp-json\/wp\/v2\/users\/1"}],"replies":[{"embeddable":true,"href":"https:\/\/diocesisplasencia.org\/hemeroteca\/wp-json\/wp\/v2\/comments?post=5908"}],"version-history":[{"count":0,"href":"https:\/\/diocesisplasencia.org\/hemeroteca\/wp-json\/wp\/v2\/posts\/5908\/revisions"}],"wp:attachment":[{"href":"https:\/\/diocesisplasencia.org\/hemeroteca\/wp-json\/wp\/v2\/media?parent=5908"}],"wp:term":[{"taxonomy":"category","embeddable":true,"href":"https:\/\/diocesisplasencia.org\/hemeroteca\/wp-json\/wp\/v2\/categories?post=5908"},{"taxonomy":"post_tag","embeddable":true,"href":"https:\/\/diocesisplasencia.org\/hemeroteca\/wp-json\/wp\/v2\/tags?post=5908"}],"curies":[{"name":"wp","href":"https:\/\/api.w.org\/{rel}","templated":true}]}}