{"id":5902,"date":"2019-07-16T10:42:00","date_gmt":"2019-07-16T08:42:00","guid":{"rendered":"http:\/\/www.diocesisplasencia.org\/w\/?p=5902"},"modified":"2019-07-16T10:42:00","modified_gmt":"2019-07-16T08:42:00","slug":"jacinto-nez-nuevo-vicario-general-de-la-dicesis-de-plasencia","status":"publish","type":"post","link":"https:\/\/diocesisplasencia.org\/hemeroteca\/jacinto-nez-nuevo-vicario-general-de-la-dicesis-de-plasencia\/","title":{"rendered":"Jacinto N\u00fa\u00f1ez, nuevo vicario general de la di\u00f3cesis de Plasencia"},"content":{"rendered":"<p><a href=\"https:\/\/www.vidanuevadigital.com\/2019\/07\/15\/jacinto-nunez-nuevo-vicario-general-de-la-diocesis-de-plasencia\/\" target=\"_blank\" rel=\"noopener noreferrer\">VIDA NUEVA 16-07-19<\/a><\/p>\n<p>Jos\u00e9 Luis Retana Gozalo, obispo de Plasencia, ha nombrado hoy, 15 de julio, al vicerrector de Relaciones Institucionales y Comunidad Universitaria de la Universidad Pontificia de Salamanca, <strong>Jacinto N\u00fa\u00f1ez Regod\u00f3n, vicario general y moderador de Curia de la di\u00f3cesis de Plasencia.<\/strong> N\u00fa\u00f1ez es, adem\u00e1s, catedr\u00e1tico de Sagrada Escritura: Nuevo Testamento II, en la Facultad de Teolog\u00eda de la Universidad Pontificia de Salamanca, en la que ejerce como vicerrector desde 2015. Anteriormente fue decano de Teolog\u00eda y director del Colegio Mayor Santa Mar\u00eda.<\/p>\n<p><!--more--><\/p>\n<p><\/p>\n<p>El nuevo vicario es, adem\u00e1s, <strong>miembro de la Comisi\u00f3n Asesora de la Comisi\u00f3n Episcopal para la Doctrina de la Fe<\/strong> de la Conferencia Episcopal Espa\u00f1ola (CEE), y patrono de la Fundaci\u00f3n Pablo VI.<\/p>\n<h5>Nacido en Santa Ana (C\u00e1ceres), fue ordenado sacerdote de la di\u00f3cesis de Plasencia en septiembre de 1980. En esta di\u00f3cesis ha sido <strong>rector del Seminario Mayor y director del Instituto Superior de Ciencias Religiosas Santa Mar\u00eda de Guadalupe,<\/strong> de la provincia eclesi\u00e1stica de M\u00e9rida-Badajoz.<\/h5>\n<p>Adem\u00e1s del nombramiento del vicario general, el obispo de Plasencia tambi\u00e9n ha otorgado el cargo de<strong> vicario de pastoral a Francisco Eustaquio Barrado Broncano,<\/strong> director del Instituto Espa\u00f1ol B\u00edblico Arqueol\u00f3gico \u2013 Casa de Santiago de Jerusal\u00e9n, centro que depende de la Universidad Pontificia de Salamanca.<\/p>\n","protected":false},"excerpt":{"rendered":"<p>VIDA NUEVA 16-07-19 Jos\u00e9 Luis Retana Gozalo, obispo de Plasencia, ha nombrado hoy, 15 de julio, al vicerrector de Relaciones Institucionales y Comunidad Universitaria de la Universidad Pontificia de Salamanca, Jacinto N\u00fa\u00f1ez Regod\u00f3n, vicario general y moderador de Curia de la di\u00f3cesis de Plasencia. N\u00fa\u00f1ez&#8230;<\/p>\n","protected":false},"author":1,"featured_media":0,"comment_status":"closed","ping_status":"closed","sticky":false,"template":"","format":"standard","meta":{"footnotes":""},"categories":[43],"tags":[],"_links":{"self":[{"href":"https:\/\/diocesisplasencia.org\/hemeroteca\/wp-json\/wp\/v2\/posts\/5902"}],"collection":[{"href":"https:\/\/diocesisplasencia.org\/hemeroteca\/wp-json\/wp\/v2\/posts"}],"about":[{"href":"https:\/\/diocesisplasencia.org\/hemeroteca\/wp-json\/wp\/v2\/types\/post"}],"author":[{"embeddable":true,"href":"https:\/\/diocesisplasencia.org\/hemeroteca\/wp-json\/wp\/v2\/users\/1"}],"replies":[{"embeddable":true,"href":"https:\/\/diocesisplasencia.org\/hemeroteca\/wp-json\/wp\/v2\/comments?post=5902"}],"version-history":[{"count":0,"href":"https:\/\/diocesisplasencia.org\/hemeroteca\/wp-json\/wp\/v2\/posts\/5902\/revisions"}],"wp:attachment":[{"href":"https:\/\/diocesisplasencia.org\/hemeroteca\/wp-json\/wp\/v2\/media?parent=5902"}],"wp:term":[{"taxonomy":"category","embeddable":true,"href":"https:\/\/diocesisplasencia.org\/hemeroteca\/wp-json\/wp\/v2\/categories?post=5902"},{"taxonomy":"post_tag","embeddable":true,"href":"https:\/\/diocesisplasencia.org\/hemeroteca\/wp-json\/wp\/v2\/tags?post=5902"}],"curies":[{"name":"wp","href":"https:\/\/api.w.org\/{rel}","templated":true}]}}