{"id":5898,"date":"2019-07-16T10:40:00","date_gmt":"2019-07-16T08:40:00","guid":{"rendered":"http:\/\/www.diocesisplasencia.org\/w\/?p=5898"},"modified":"2019-07-16T10:40:00","modified_gmt":"2019-07-16T08:40:00","slug":"el-obispo-nombra-a-jacinto-nez-vicario-general","status":"publish","type":"post","link":"https:\/\/diocesisplasencia.org\/hemeroteca\/el-obispo-nombra-a-jacinto-nez-vicario-general\/","title":{"rendered":"El obispo nombra a Jacinto N\u00fa\u00f1ez vicario general"},"content":{"rendered":"<p><a href=\"https:\/\/www.elperiodicoextremadura.com\/noticias\/plasencia\/obispo-nombra-jacinto-nunez-vicario-general_1175349.html\" target=\"_blank\" rel=\"noopener noreferrer\">EL PERI\u00d3DICO EXTREMADURA 16-07-19<\/a><\/p>\n<p>El obispo de la di\u00f3cesis de Plasencia, Jos\u00e9 Luis Retana, ha nombrado a Jacinto N\u00fa\u00f1ez Regod\u00f3n nuevo vicario general, en sustituci\u00f3n de Francisco Rico, que pasa a ser el director de la Casa Sacerdotal, seg\u00fan inform\u00f3 ayer el Obispado.<!--more--><\/p>\n<p><p>N\u00fa\u00f1ez Regod\u00f3n es, desde el 2015, vicerrector de Relaciones Institucionales y Comunidad Universitaria de la Universidad Pontificia de Salamanca. Adem\u00e1s, es catedr\u00e1tico de Sagrada Escritura: Nuevo Testamento II, en la Facultad de Teolog\u00eda; miembro de la comisi\u00f3n asesora de la Comisi\u00f3n Episcopal para la Doctrina de la Fe, de la Conferencia Episcopal Espa\u00f1ola y patrono de la Fundaci\u00f3n Pablo V.<\/p>\n<p>A su vez, Francisco Eustaquio Barrado ha sido nombrado vicario de pastoral y sustituye a Jos\u00e9 Luis Hermoso y el nuevo secretario del obispo ser\u00e1 Antonio Cabrera.<\/p>\n","protected":false},"excerpt":{"rendered":"<p>EL PERI\u00d3DICO EXTREMADURA 16-07-19 El obispo de la di\u00f3cesis de Plasencia, Jos\u00e9 Luis Retana, ha nombrado a Jacinto N\u00fa\u00f1ez Regod\u00f3n nuevo vicario general, en sustituci\u00f3n de Francisco Rico, que pasa a ser el director de la Casa Sacerdotal, seg\u00fan inform\u00f3 ayer el Obispado.<\/p>\n","protected":false},"author":1,"featured_media":0,"comment_status":"closed","ping_status":"closed","sticky":false,"template":"","format":"standard","meta":{"footnotes":""},"categories":[43],"tags":[],"_links":{"self":[{"href":"https:\/\/diocesisplasencia.org\/hemeroteca\/wp-json\/wp\/v2\/posts\/5898"}],"collection":[{"href":"https:\/\/diocesisplasencia.org\/hemeroteca\/wp-json\/wp\/v2\/posts"}],"about":[{"href":"https:\/\/diocesisplasencia.org\/hemeroteca\/wp-json\/wp\/v2\/types\/post"}],"author":[{"embeddable":true,"href":"https:\/\/diocesisplasencia.org\/hemeroteca\/wp-json\/wp\/v2\/users\/1"}],"replies":[{"embeddable":true,"href":"https:\/\/diocesisplasencia.org\/hemeroteca\/wp-json\/wp\/v2\/comments?post=5898"}],"version-history":[{"count":0,"href":"https:\/\/diocesisplasencia.org\/hemeroteca\/wp-json\/wp\/v2\/posts\/5898\/revisions"}],"wp:attachment":[{"href":"https:\/\/diocesisplasencia.org\/hemeroteca\/wp-json\/wp\/v2\/media?parent=5898"}],"wp:term":[{"taxonomy":"category","embeddable":true,"href":"https:\/\/diocesisplasencia.org\/hemeroteca\/wp-json\/wp\/v2\/categories?post=5898"},{"taxonomy":"post_tag","embeddable":true,"href":"https:\/\/diocesisplasencia.org\/hemeroteca\/wp-json\/wp\/v2\/tags?post=5898"}],"curies":[{"name":"wp","href":"https:\/\/api.w.org\/{rel}","templated":true}]}}