{"id":5875,"date":"2019-07-05T14:47:00","date_gmt":"2019-07-05T12:47:00","guid":{"rendered":"http:\/\/www.diocesisplasencia.org\/w\/?p=5875"},"modified":"2019-07-05T14:47:00","modified_gmt":"2019-07-05T12:47:00","slug":"peregrinacin-del-obispo-y-un-centenar-de-fieles","status":"publish","type":"post","link":"https:\/\/diocesisplasencia.org\/hemeroteca\/peregrinacin-del-obispo-y-un-centenar-de-fieles\/","title":{"rendered":"Peregrinaci\u00f3n del obispo y un centenar de fieles"},"content":{"rendered":"<p><a href=\"https:\/\/www.elperiodicoextremadura.com\/noticias\/plasencia\/peregrinacion-obispo-centenar-fieles_1173510.html\" target=\"_blank\" rel=\"noopener noreferrer\">EL PERIODICO EXTREMADURA 05-07-19<\/a><\/p>\n<p>M\u00e1s de un centenar de fieles de la di\u00f3cesis de Plasencia iniciaron ayer la vig\u00e9simo octava peregrinaci\u00f3n diocesana con enfermos al santuario de Lourdes, que preside el obispo, Jos\u00e9 Luis Retana. Seg\u00fan ha informado el Obispado, la comitiva, formada por 20 enfermos, 65 voluntarios y unos 40 peregrinos, regresar\u00e1 el 8 de julio, tras participar en un acto en la capilla de Saint Joseph, la procesi\u00f3n de las antorchas y v\u00eda crucis nocturno.<\/p>\n","protected":false},"excerpt":{"rendered":"<p>EL PERIODICO EXTREMADURA 05-07-19 M\u00e1s de un centenar de fieles de la di\u00f3cesis de Plasencia iniciaron ayer la vig\u00e9simo octava peregrinaci\u00f3n diocesana con enfermos al santuario de Lourdes, que preside el obispo, Jos\u00e9 Luis Retana. Seg\u00fan ha informado el Obispado, la comitiva, formada por 20&#8230;<\/p>\n","protected":false},"author":1,"featured_media":0,"comment_status":"closed","ping_status":"closed","sticky":false,"template":"","format":"standard","meta":{"footnotes":""},"categories":[43],"tags":[],"_links":{"self":[{"href":"https:\/\/diocesisplasencia.org\/hemeroteca\/wp-json\/wp\/v2\/posts\/5875"}],"collection":[{"href":"https:\/\/diocesisplasencia.org\/hemeroteca\/wp-json\/wp\/v2\/posts"}],"about":[{"href":"https:\/\/diocesisplasencia.org\/hemeroteca\/wp-json\/wp\/v2\/types\/post"}],"author":[{"embeddable":true,"href":"https:\/\/diocesisplasencia.org\/hemeroteca\/wp-json\/wp\/v2\/users\/1"}],"replies":[{"embeddable":true,"href":"https:\/\/diocesisplasencia.org\/hemeroteca\/wp-json\/wp\/v2\/comments?post=5875"}],"version-history":[{"count":0,"href":"https:\/\/diocesisplasencia.org\/hemeroteca\/wp-json\/wp\/v2\/posts\/5875\/revisions"}],"wp:attachment":[{"href":"https:\/\/diocesisplasencia.org\/hemeroteca\/wp-json\/wp\/v2\/media?parent=5875"}],"wp:term":[{"taxonomy":"category","embeddable":true,"href":"https:\/\/diocesisplasencia.org\/hemeroteca\/wp-json\/wp\/v2\/categories?post=5875"},{"taxonomy":"post_tag","embeddable":true,"href":"https:\/\/diocesisplasencia.org\/hemeroteca\/wp-json\/wp\/v2\/tags?post=5875"}],"curies":[{"name":"wp","href":"https:\/\/api.w.org\/{rel}","templated":true}]}}