{"id":5830,"date":"2019-05-26T16:51:00","date_gmt":"2019-05-26T14:51:00","guid":{"rendered":"http:\/\/www.diocesisplasencia.org\/w\/?p=5830"},"modified":"2019-05-26T16:51:00","modified_gmt":"2019-05-26T14:51:00","slug":"un-seminario-sin-seminaristas-en-plasencia","status":"publish","type":"post","link":"https:\/\/diocesisplasencia.org\/hemeroteca\/un-seminario-sin-seminaristas-en-plasencia\/","title":{"rendered":"Un seminario sin seminaristas en Plasencia"},"content":{"rendered":"<p>DIARIO HOY 26-05-19<\/p>\n<p>Fue en una carta a los sacerdotes de la Di\u00f3cesis de Plasencia en la que el obispo Jos\u00e9 Luis Retana anunci\u00f3 la marcha de los tres alumnos que entonces estaban en el seminario a Salamanca. Para que siguieran all\u00ed sus estudios en la Facultad de Teolog\u00eda de la Universidad Pontificia y se integraran en la comunidad formativa del Teologado de \u00c1vila en la capital salmantina, en la que viven los seminaristas de otras cuatro di\u00f3cesis.<!--more--><\/p>\n<p><p>El obispo se\u00f1al\u00f3 entonces, en la misma misiva, que era consciente de que la decisi\u00f3n de trasladar a los tres seminaristas, con el fin de garantizar su formaci\u00f3n sacerdotal \u00aben todas sus dimensiones\u00bb, provocaba sentimientos de \u00aba\u00f1oranza y tristeza, por una parte, pero por otra estoy convencido de que sabremos leer esta nueva etapa de la historia de nuestro querido seminario como un momento de gracia y un signo de los tiempos\u00bb<\/p>\n<p>PUBLICIDAD<\/p>\n<p><a href=\"https:\/\/www.teads.com\/?utm_source=inread&amp;utm_medium=credits&amp;utm_campaign=invented%20by%20teads\">inRead invented by Teads<\/a><\/p>\n<p>De esa marcha hace ya dos a\u00f1os, pero el seminario, tal como entonces tambi\u00e9n garantiz\u00f3 Retana, sigue abierto en Plasencia. \u00abAunque ya no hay seminaristas, la realidad es que el edificio se usa mucho\u00bb, asegura Jos\u00e9 Luis Hermoso, viario de Animaci\u00f3n Pastoral y, por eso, encargado precisamente de dar contenido al edificio ubicado en la plaza de la Catedral.<\/p>\n<p>\u00abTenemos una actividad diaria desde el punto de vista acad\u00e9mico, porque en el seminario se dan las clases del Instituto de Ciencias Religiosas y, cada quince d\u00edas aproximadamente, se imparte formaci\u00f3n a sacerdotes y seglares\u00bb, se\u00f1ala Jos\u00e9 Luis Hermoso. <\/p>\n<h5>Vocaciones<\/h5>\n<p>Adem\u00e1s, a\u00f1ade, tambi\u00e9n hay jornadas de religiosos, retiros espirituales, las asambleas de C\u00e1ritas, actividades de la Uni\u00f3n de Cofrad\u00edas, cursos de preparaci\u00f3n matrimonial&#8230;. Sin olvidar que es un espacio en que tambi\u00e9n se ofrecen visitas guiadas para darlo a conocer, conferencias como las del ciclo &#8216;Lunes investiga&#8217;, abiertas a toda la sociedad y, por supuesto, \u00ablas actividades propias del seminario, como pueden ser convivencias escolares y de j\u00f3venes, para fomentar las vocaciones\u00bb, deja claro el vicario de Animaci\u00f3n Pastoral. Porque, l\u00f3gicamente, el objetivo para el que se construy\u00f3 y el que ha sido su prioridad durante a\u00f1os, se mantiene intacto. A pesar de que, como se\u00f1al\u00f3 tambi\u00e9n Retana cuando anunci\u00f3 la marcha de los seminaristas, la decisi\u00f3n se tom\u00f3 precisamente porque la situaci\u00f3n de escasez de alumnos era una realidad desde hac\u00eda varios cursos \u00aby lo que es peor, a d\u00eda de hoy no hay perspectivas reales de que vaya a cambiar de forma sensible en el futuro\u00bb.<\/p>\n<p>Pero la falta de vacaciones ha provocado, al menos de momento, otros usos y contenidos para un edificio que se puso en marcha, seg\u00fan la informaci\u00f3n facilitada por el vicario de Animaci\u00f3n Pastoral, en tiempos del obispo Diego Sarmiento de Valladares, en julio de 1670. Continu\u00f3 creciendo con las nuevas obras que, ya durante la segunda mitad del siglo XIX, auspici\u00f3 el obispo Gregorio Mar\u00eda L\u00f3pez y Zaragoza, \u00aby cuyo \u00faltimo impulso proviene del pontificado de Pedro Casas y Souto, que inaugur\u00f3 el actual edificio en el a\u00f1o 1879\u00bb, a\u00f1ade Hermoso.<\/p>\n<p>Dividido en dos partes, unidas por un pasadizo en arco, una cuenta con tres plantas y otra con dos. Entre otras dependencias, tiene claustros, aulas, sal\u00f3n de actos, despachos y habitaciones, biblioteca, capilla, comedores, cocinas y una sala noble, llamada de b\u00f3vedas, donde se realizan los actos religiosos, pastorales, culturales y sociales m\u00e1s multitudinarios.<\/p>\n","protected":false},"excerpt":{"rendered":"<p>DIARIO HOY 26-05-19 Fue en una carta a los sacerdotes de la Di\u00f3cesis de Plasencia en la que el obispo Jos\u00e9 Luis Retana anunci\u00f3 la marcha de los tres alumnos que entonces estaban en el seminario a Salamanca. Para que siguieran all\u00ed sus estudios en&#8230;<\/p>\n","protected":false},"author":1,"featured_media":0,"comment_status":"closed","ping_status":"closed","sticky":false,"template":"","format":"standard","meta":{"footnotes":""},"categories":[43],"tags":[],"_links":{"self":[{"href":"https:\/\/diocesisplasencia.org\/hemeroteca\/wp-json\/wp\/v2\/posts\/5830"}],"collection":[{"href":"https:\/\/diocesisplasencia.org\/hemeroteca\/wp-json\/wp\/v2\/posts"}],"about":[{"href":"https:\/\/diocesisplasencia.org\/hemeroteca\/wp-json\/wp\/v2\/types\/post"}],"author":[{"embeddable":true,"href":"https:\/\/diocesisplasencia.org\/hemeroteca\/wp-json\/wp\/v2\/users\/1"}],"replies":[{"embeddable":true,"href":"https:\/\/diocesisplasencia.org\/hemeroteca\/wp-json\/wp\/v2\/comments?post=5830"}],"version-history":[{"count":0,"href":"https:\/\/diocesisplasencia.org\/hemeroteca\/wp-json\/wp\/v2\/posts\/5830\/revisions"}],"wp:attachment":[{"href":"https:\/\/diocesisplasencia.org\/hemeroteca\/wp-json\/wp\/v2\/media?parent=5830"}],"wp:term":[{"taxonomy":"category","embeddable":true,"href":"https:\/\/diocesisplasencia.org\/hemeroteca\/wp-json\/wp\/v2\/categories?post=5830"},{"taxonomy":"post_tag","embeddable":true,"href":"https:\/\/diocesisplasencia.org\/hemeroteca\/wp-json\/wp\/v2\/tags?post=5830"}],"curies":[{"name":"wp","href":"https:\/\/api.w.org\/{rel}","templated":true}]}}