{"id":5656,"date":"2019-03-20T10:52:25","date_gmt":"2019-03-20T09:52:25","guid":{"rendered":"http:\/\/www.diocesisplasencia.org\/w\/?p=5656"},"modified":"2019-03-20T10:52:25","modified_gmt":"2019-03-20T09:52:25","slug":"encuentro-en-cceres-con-motivo-del-25-aniversario-de-la-provincia-eclesistica","status":"publish","type":"post","link":"https:\/\/diocesisplasencia.org\/hemeroteca\/encuentro-en-cceres-con-motivo-del-25-aniversario-de-la-provincia-eclesistica\/","title":{"rendered":"Encuentro en C\u00e1ceres con motivo del 25 aniversario de la Provincia Eclesi\u00e1stica"},"content":{"rendered":"<p><a href=\"http:\/\/www.diocesisplasencia.org\/w\/wp-content\/uploads\/2015\/e644be073709_98C1\/CON-LOS-OBISPOS-EXTREMEOS.jpg\"><img decoding=\"async\" title=\"CON LOS OBISPOS EXTREME&Ntilde;OS\" style=\"border-left-width: 0px; border-right-width: 0px; background-image: none; border-bottom-width: 0px; padding-top: 0px; padding-left: 0px; display: inline; padding-right: 0px; border-top-width: 0px\" border=\"0\" alt=\"CON LOS OBISPOS EXTREME&Ntilde;OS\" src=\"http:\/\/www.diocesisplasencia.org\/w\/wp-content\/uploads\/2015\/e644be073709_98C1\/CON-LOS-OBISPOS-EXTREMEOS_thumb.jpg\" width=\"244\" height=\"164\"><\/a>  <\/p>\n<p>Los obispos de las di\u00f3cesis extreme\u00f1as convocan a Vicarios, Arciprestes, Vida Consagrada y Delegados de Pastoral Juvenil y Vocacional, con motivo del 25 Aniversario de la Provincia Eclesi\u00e1stica M\u00e9rida-Badajoz, a un encuentro en el Seminario de C\u00e1ceres <strong>el pr\u00f3ximo 28 de marzo a las diez de la ma\u00f1ana<\/strong>. <\/p>\n<p><!--more--><\/p>\n<p>En la reuni\u00f3n se afrontar\u00e1n los retos de futuro de la iglesia en Extremadura en esos campos, la evangelizaci\u00f3n de los j\u00f3venes y la necesidad de ser acompa\u00f1ados como ha recordado el S\u00ednodo con el Papa Francisco.  <\/p>\n<p>En estos 25 a\u00f1os de aprobaci\u00f3n de la Provincia eclesi\u00e1stica de M\u00e9rida-Badajoz con Don Antonio Montero, los frutos han sido inmensos, como un trabajo pastoral de creatividad y comuni\u00f3n. Un amplio n\u00famero de \u00e1reas de las Di\u00f3cesis extreme\u00f1as se coordinan y se encuentran.<\/p>\n","protected":false},"excerpt":{"rendered":"<p>Los obispos de las di\u00f3cesis extreme\u00f1as convocan a Vicarios, Arciprestes, Vida Consagrada y Delegados de Pastoral Juvenil y Vocacional, con motivo del 25 Aniversario de la Provincia Eclesi\u00e1stica M\u00e9rida-Badajoz, a un encuentro en el Seminario de C\u00e1ceres el pr\u00f3ximo 28 de marzo a las diez&#8230;<\/p>\n","protected":false},"author":1,"featured_media":0,"comment_status":"closed","ping_status":"closed","sticky":false,"template":"","format":"standard","meta":{"footnotes":""},"categories":[35],"tags":[],"_links":{"self":[{"href":"https:\/\/diocesisplasencia.org\/hemeroteca\/wp-json\/wp\/v2\/posts\/5656"}],"collection":[{"href":"https:\/\/diocesisplasencia.org\/hemeroteca\/wp-json\/wp\/v2\/posts"}],"about":[{"href":"https:\/\/diocesisplasencia.org\/hemeroteca\/wp-json\/wp\/v2\/types\/post"}],"author":[{"embeddable":true,"href":"https:\/\/diocesisplasencia.org\/hemeroteca\/wp-json\/wp\/v2\/users\/1"}],"replies":[{"embeddable":true,"href":"https:\/\/diocesisplasencia.org\/hemeroteca\/wp-json\/wp\/v2\/comments?post=5656"}],"version-history":[{"count":0,"href":"https:\/\/diocesisplasencia.org\/hemeroteca\/wp-json\/wp\/v2\/posts\/5656\/revisions"}],"wp:attachment":[{"href":"https:\/\/diocesisplasencia.org\/hemeroteca\/wp-json\/wp\/v2\/media?parent=5656"}],"wp:term":[{"taxonomy":"category","embeddable":true,"href":"https:\/\/diocesisplasencia.org\/hemeroteca\/wp-json\/wp\/v2\/categories?post=5656"},{"taxonomy":"post_tag","embeddable":true,"href":"https:\/\/diocesisplasencia.org\/hemeroteca\/wp-json\/wp\/v2\/tags?post=5656"}],"curies":[{"name":"wp","href":"https:\/\/api.w.org\/{rel}","templated":true}]}}