{"id":5555,"date":"2019-01-14T08:36:00","date_gmt":"2019-01-14T07:36:00","guid":{"rendered":"http:\/\/www.diocesisplasencia.org\/w\/?p=5555"},"modified":"2019-01-14T08:36:00","modified_gmt":"2019-01-14T07:36:00","slug":"conferencia-sobre-esteban-snchez-en-el-seminario","status":"publish","type":"post","link":"https:\/\/diocesisplasencia.org\/hemeroteca\/conferencia-sobre-esteban-snchez-en-el-seminario\/","title":{"rendered":"Conferencia sobre Esteban S\u00e1nchez, en el seminario"},"content":{"rendered":"<p><a href=\"https:\/\/www.elperiodicoextremadura.com\/noticias\/plasencia\/conferencia-esteban-sanchez-seminario_1137846.html\" target=\"_blank\" rel=\"noopener noreferrer\">EL PERI\u00d3DICO EXTREMADURA 14-01-19<\/a><\/p>\n<p>El ciclo de conferencias Lunes Ingestiga vuelve ma\u00f1ana martes con una ponencia sobre el pianista Esteban S\u00e1nchez. Correr\u00e1 a cargo del director del conservatorio, Antonio Luis Su\u00e1rez y tendr\u00e1 lugar a las ocho de la tarde en la sala de b\u00f3vedas del seminario. Lo organiza el Obispado y la entrada es abierta el p\u00fablico. El ciclo comenz\u00f3 en noviembre y terminar\u00e1 el 10 de junio, tras ocho conferencias.<\/p>\n","protected":false},"excerpt":{"rendered":"<p>EL PERI\u00d3DICO EXTREMADURA 14-01-19 El ciclo de conferencias Lunes Ingestiga vuelve ma\u00f1ana martes con una ponencia sobre el pianista Esteban S\u00e1nchez. Correr\u00e1 a cargo del director del conservatorio, Antonio Luis Su\u00e1rez y tendr\u00e1 lugar a las ocho de la tarde en la sala de b\u00f3vedas&#8230;<\/p>\n","protected":false},"author":1,"featured_media":0,"comment_status":"closed","ping_status":"closed","sticky":false,"template":"","format":"standard","meta":{"footnotes":""},"categories":[43],"tags":[],"_links":{"self":[{"href":"https:\/\/diocesisplasencia.org\/hemeroteca\/wp-json\/wp\/v2\/posts\/5555"}],"collection":[{"href":"https:\/\/diocesisplasencia.org\/hemeroteca\/wp-json\/wp\/v2\/posts"}],"about":[{"href":"https:\/\/diocesisplasencia.org\/hemeroteca\/wp-json\/wp\/v2\/types\/post"}],"author":[{"embeddable":true,"href":"https:\/\/diocesisplasencia.org\/hemeroteca\/wp-json\/wp\/v2\/users\/1"}],"replies":[{"embeddable":true,"href":"https:\/\/diocesisplasencia.org\/hemeroteca\/wp-json\/wp\/v2\/comments?post=5555"}],"version-history":[{"count":0,"href":"https:\/\/diocesisplasencia.org\/hemeroteca\/wp-json\/wp\/v2\/posts\/5555\/revisions"}],"wp:attachment":[{"href":"https:\/\/diocesisplasencia.org\/hemeroteca\/wp-json\/wp\/v2\/media?parent=5555"}],"wp:term":[{"taxonomy":"category","embeddable":true,"href":"https:\/\/diocesisplasencia.org\/hemeroteca\/wp-json\/wp\/v2\/categories?post=5555"},{"taxonomy":"post_tag","embeddable":true,"href":"https:\/\/diocesisplasencia.org\/hemeroteca\/wp-json\/wp\/v2\/tags?post=5555"}],"curies":[{"name":"wp","href":"https:\/\/api.w.org\/{rel}","templated":true}]}}