{"id":5546,"date":"2019-01-11T10:37:57","date_gmt":"2019-01-11T09:37:57","guid":{"rendered":"http:\/\/www.diocesisplasencia.org\/w\/?p=5546"},"modified":"2019-01-11T10:37:57","modified_gmt":"2019-01-11T09:37:57","slug":"la-figura-del-pianista-esteban-snchez-en-la-tercera-conferencia-de-los-lunes-investiga","status":"publish","type":"post","link":"https:\/\/diocesisplasencia.org\/hemeroteca\/la-figura-del-pianista-esteban-snchez-en-la-tercera-conferencia-de-los-lunes-investiga\/","title":{"rendered":"La figura del pianista Esteban S\u00e1nchez en la tercera conferencia de Los Lunes Investiga"},"content":{"rendered":"<p><a href=\"http:\/\/www.diocesisplasencia.org\/w\/wp-content\/uploads\/2015\/La-figura-del-pianista-Esteban-Snchez-en_950B\/clip_image001.jpg\"><img decoding=\"async\" title=\"clip_image001\" style=\"border-left-width: 0px; border-right-width: 0px; background-image: none; border-bottom-width: 0px; padding-top: 0px; padding-left: 0px; display: inline; padding-right: 0px; border-top-width: 0px\" border=\"0\" alt=\"clip_image001\" src=\"http:\/\/www.diocesisplasencia.org\/w\/wp-content\/uploads\/2015\/La-figura-del-pianista-Esteban-Snchez-en_950B\/clip_image001_thumb.jpg\" width=\"184\" height=\"244\"><\/a><\/p>\n<p>La Sala de B\u00f3vedas del Seminario Diocesano acoge el martes 15 de enero a las 20.00 horas la tercera conferencia del ciclo \u201cLunes Investiga\u201d.<\/p>\n<p><!--more--><\/p>\n<p>Antonio Lu\u00eds Su\u00e1rez Moreno, director del Conservatorio \u201cManuel Garc\u00eda Matos\u201d, analizar\u00e1 en esta sesi\u00f3n, la figura del gran pianista Esteban S\u00e1nchez. El profesor Su\u00e1rez Moreno es Doctor en Arte por la Universidad de Extremadura con la Tesis Doctoral \u201cMetodolog\u00eda Interpretativa, compositiva y pedag\u00f3gica de Esteban S\u00e1nchez Herrero\u201d.  <\/p>\n<p><b>Debido a problemas de agenda del ponente, la conferencia programada inicialmente para el lunes 14 tendr\u00e1 lugar el martes 15 de enero.<\/b><\/p>\n","protected":false},"excerpt":{"rendered":"<p>La Sala de B\u00f3vedas del Seminario Diocesano acoge el martes 15 de enero a las 20.00 horas la tercera conferencia del ciclo \u201cLunes Investiga\u201d.<\/p>\n","protected":false},"author":1,"featured_media":0,"comment_status":"closed","ping_status":"closed","sticky":false,"template":"","format":"standard","meta":{"footnotes":""},"categories":[35],"tags":[],"_links":{"self":[{"href":"https:\/\/diocesisplasencia.org\/hemeroteca\/wp-json\/wp\/v2\/posts\/5546"}],"collection":[{"href":"https:\/\/diocesisplasencia.org\/hemeroteca\/wp-json\/wp\/v2\/posts"}],"about":[{"href":"https:\/\/diocesisplasencia.org\/hemeroteca\/wp-json\/wp\/v2\/types\/post"}],"author":[{"embeddable":true,"href":"https:\/\/diocesisplasencia.org\/hemeroteca\/wp-json\/wp\/v2\/users\/1"}],"replies":[{"embeddable":true,"href":"https:\/\/diocesisplasencia.org\/hemeroteca\/wp-json\/wp\/v2\/comments?post=5546"}],"version-history":[{"count":0,"href":"https:\/\/diocesisplasencia.org\/hemeroteca\/wp-json\/wp\/v2\/posts\/5546\/revisions"}],"wp:attachment":[{"href":"https:\/\/diocesisplasencia.org\/hemeroteca\/wp-json\/wp\/v2\/media?parent=5546"}],"wp:term":[{"taxonomy":"category","embeddable":true,"href":"https:\/\/diocesisplasencia.org\/hemeroteca\/wp-json\/wp\/v2\/categories?post=5546"},{"taxonomy":"post_tag","embeddable":true,"href":"https:\/\/diocesisplasencia.org\/hemeroteca\/wp-json\/wp\/v2\/tags?post=5546"}],"curies":[{"name":"wp","href":"https:\/\/api.w.org\/{rel}","templated":true}]}}