{"id":5537,"date":"2018-12-30T10:30:00","date_gmt":"2018-12-30T09:30:00","guid":{"rendered":"http:\/\/www.diocesisplasencia.org\/w\/?p=5537"},"modified":"2018-12-30T10:30:00","modified_gmt":"2018-12-30T09:30:00","slug":"las-catedrales-estrenarn-en-el-ao-2019-itinerarios-de-visita-tornos-e-iluminacin","status":"publish","type":"post","link":"https:\/\/diocesisplasencia.org\/hemeroteca\/las-catedrales-estrenarn-en-el-ao-2019-itinerarios-de-visita-tornos-e-iluminacin\/","title":{"rendered":"Las catedrales estrenar\u00e1n en el a\u00f1o 2019 itinerarios de visita, tornos e iluminaci\u00f3n"},"content":{"rendered":"<p><a href=\"https:\/\/www.hoy.es\/plasencia\/catedrales-estrenaran-2019-20181230000846-ntvo.html\" target=\"_blank\" rel=\"noopener noreferrer\">DIARIO HOY 30-12-18<\/a><\/p>\n<p>El a\u00f1o 2019 le traer\u00e1 a las catedrales de Plasencia varias novedades, entre ellas la apertura de nuevos itinerarios de visita. Uno de ellos incluir\u00e1 el acceso a la torre de campanas, y el plan es que se llegue a ella tras dejar atr\u00e1s un torno, un sistema presente en muchos monumentos espa\u00f1oles y que se implantar\u00e1 en las seos placentinas a lo largo del pr\u00f3ximo a\u00f1o. <\/p>\n<p><!--more--><\/p>\n<p><p>\u00abHace que la visita sea m\u00e1s c\u00f3moda para el turista, porque no necesita que ning\u00fan empleado le permita el paso, de modo que puede completar su recorrido de manera m\u00e1s libre\u00bb, explica Mercedes Orantos, delegada de Patrimonio de la di\u00f3cesis. El sistema tambi\u00e9n constituir\u00e1 un avance para los trabajadores del templo, pues dejar\u00e1 de ser necesario que alguno acompa\u00f1e de forma permanente a quienes lo recorren.  <\/p>\n<p> El del acceso a la torre de campanas no ser\u00e1 el \u00fanico torno del monumento. Los habr\u00e1 tambi\u00e9n en otros sitios, y su instalaci\u00f3n abrir\u00e1 la posibilidad de diversificar el tipo de entradas que cada turista puede comprar, con precios en funci\u00f3n de los lugares a visitar. Precisamente la compra de los tiques es uno de los \u00faltimos avances que se han puesto en marcha y que se consolidar\u00e1n durante el pr\u00f3ximo a\u00f1o. Desde hace unas semanas, ya es posible adquirir las entradas a trav\u00e9s de la web catedralesplasencia.org. El sistema es intuitivo, y permite elegir la hora de visita y el tipo de entrada. A d\u00eda de hoy, el acceso cuesta cuatro euros, aunque los nacidos en Plasencia y los grupos diocesanos no pagan, y hay descuentos para familias numerosas, grupos, parados y personas con discapacidad. Estos precios podr\u00edan cambiar en 2019, una vez que est\u00e9n operativos los nuevos recorridos. La previsi\u00f3n es que se estrenen en marzo, coincidiendo con la \u00e9poca en la que empieza a aumentar la afluencia de p\u00fablico. <\/p>\n<p>Abrir\u00e1 la torre de campanas, se a\u00f1adir\u00e1 una audiogu\u00eda infantil y se har\u00e1n mejoras en el museo  <\/p>\n<p>Otra de las novedades que traer\u00e1 el nuevo a\u00f1o ser\u00e1n las audiogu\u00edas infantiles, para que el recorrido resulte m\u00e1s atractivo a los ni\u00f1os. Tambi\u00e9n la presentaci\u00f3n de un libro con varios autores, coordinado por el catedr\u00e1tico Javier Pizarro por encargo del Obispado. Y una novedad m\u00e1s: las reformas en el museo. Se instalar\u00e1 un ascensor transparente que comunique las dos plantas, de modo que resulte accesible para las personas con movilidad reducida. Y se restaurar\u00e1 la cubierta. Una segunda fase mejorar\u00e1 las salas del museo.  <\/p>\n<h5><font style=\"font-weight: bold\">Un ascensor transparente<\/font><\/h5>\n<p>Entre las novedades que ya se conoc\u00edan est\u00e1 tambi\u00e9n la de la iluminaci\u00f3n, que se est\u00e1 renovando ahora. Ya han concluido los trabajos de la primera fase, que han consistido en instalar un sistema que permite apreciar mejor la volumetr\u00eda del conjunto catedralicio. La segunda est\u00e1 reci\u00e9n iniciada y tendr\u00e1 mayor impacto a simple vista, pues ayudar\u00e1 a realzar los elementos exteriores m\u00e1s significativos, como las espada\u00f1as, los capiteles o el punto en el que las dos catedrales se unen. <\/p>\n<p>Todas estas novedades se conciben como un modo de enriquecer la experiencia de pasear por estos dos monumentos que constituyen el principal reclamo tur\u00edstico de la ciudad. En particular, en los \u00faltimos a\u00f1os, visto el aumento de visitas. De las 18.000 del a\u00f1o 2014 se pas\u00f3 a 30.000 en el ejercicio siguiente, 50.000 en 2016 y m\u00e1s de 61.000 en 2017. Y 2018 se cerrar\u00e1 con un dato similar, pues hasta el pasado jueves, se hab\u00edan superado los 60.000 visitantes, el noventa por ciento espa\u00f1oles. Los m\u00e1s numerosos son los madrile\u00f1os, seguidos por andaluces y extreme\u00f1os. Y entre los extranjeros, destacan, por este orden, alemanes, portugueses, franceses, brit\u00e1nicos y belgas.<\/p>\n","protected":false},"excerpt":{"rendered":"<p>DIARIO HOY 30-12-18 El a\u00f1o 2019 le traer\u00e1 a las catedrales de Plasencia varias novedades, entre ellas la apertura de nuevos itinerarios de visita. Uno de ellos incluir\u00e1 el acceso a la torre de campanas, y el plan es que se llegue a ella tras&#8230;<\/p>\n","protected":false},"author":1,"featured_media":0,"comment_status":"closed","ping_status":"closed","sticky":false,"template":"","format":"standard","meta":{"footnotes":""},"categories":[42],"tags":[],"_links":{"self":[{"href":"https:\/\/diocesisplasencia.org\/hemeroteca\/wp-json\/wp\/v2\/posts\/5537"}],"collection":[{"href":"https:\/\/diocesisplasencia.org\/hemeroteca\/wp-json\/wp\/v2\/posts"}],"about":[{"href":"https:\/\/diocesisplasencia.org\/hemeroteca\/wp-json\/wp\/v2\/types\/post"}],"author":[{"embeddable":true,"href":"https:\/\/diocesisplasencia.org\/hemeroteca\/wp-json\/wp\/v2\/users\/1"}],"replies":[{"embeddable":true,"href":"https:\/\/diocesisplasencia.org\/hemeroteca\/wp-json\/wp\/v2\/comments?post=5537"}],"version-history":[{"count":0,"href":"https:\/\/diocesisplasencia.org\/hemeroteca\/wp-json\/wp\/v2\/posts\/5537\/revisions"}],"wp:attachment":[{"href":"https:\/\/diocesisplasencia.org\/hemeroteca\/wp-json\/wp\/v2\/media?parent=5537"}],"wp:term":[{"taxonomy":"category","embeddable":true,"href":"https:\/\/diocesisplasencia.org\/hemeroteca\/wp-json\/wp\/v2\/categories?post=5537"},{"taxonomy":"post_tag","embeddable":true,"href":"https:\/\/diocesisplasencia.org\/hemeroteca\/wp-json\/wp\/v2\/tags?post=5537"}],"curies":[{"name":"wp","href":"https:\/\/api.w.org\/{rel}","templated":true}]}}