{"id":5439,"date":"2018-11-11T10:13:00","date_gmt":"2018-11-11T09:13:00","guid":{"rendered":"http:\/\/www.diocesisplasencia.org\/w\/?p=5439"},"modified":"2018-11-11T10:13:00","modified_gmt":"2018-11-11T09:13:00","slug":"nuevo-ciclo-lunes-investiga-2018-2019-en-plasencia","status":"publish","type":"post","link":"https:\/\/diocesisplasencia.org\/hemeroteca\/nuevo-ciclo-lunes-investiga-2018-2019-en-plasencia\/","title":{"rendered":"Nuevo ciclo Lunes Investiga 2018-2019 en Plasencia"},"content":{"rendered":"<p>PlanVex.es 11-11-18<\/p>\n<p>J\u00f3venes investigadores y expertos acreditados ser\u00e1n los ponentes del ciclo Lunes Investiga 2018-2019 en Plasencia. Hablar\u00e1n sobre restauraci\u00f3n del patrimonio, her\u00e1ldica, historia, urbanismo, arte y m\u00fasica desde el 12 de noviembre hasta el 10 de junio, cada segundo lunes de mes.<\/p>\n<p><!--more--><\/p>\n<p><p>Los Lunes Investiga 2018-2019 se desarrollar\u00e1n en la sala de b\u00f3vedas del Seminario Diocesano, con sesiones abiertas a todo el p\u00fablico interesado. Es una actividad del Obispado de Plasencia en colaboraci\u00f3n con el Cabildo Catedralicio y el Seminario Diocesano. <\/p>\n<p><a href=\"https:\/\/i2.wp.com\/planvex.es\/web\/wp-content\/uploads\/2018\/11\/Lunes-Investiga.jpg?ssl=1\"><img fetchpriority=\"high\" decoding=\"async\" alt=\"Lunes Investiga 2018-2019 en Plasencia\" src=\"https:\/\/i2.wp.com\/planvex.es\/web\/wp-content\/uploads\/2018\/11\/Lunes-Investiga.jpg?resize=300%2C210&amp;ssl=1\" width=\"300\" height=\"210\"><\/a> <\/p>\n<p><strong>Evento: Lunes Investiga 2018-2019 <\/strong> <\/p>\n<p><strong>Lugar: Plasencia<\/strong> <\/p>\n<p><strong>Fecha: Segundos lunes de mes del 12 de noviembre al 10 de junio<\/strong> <\/p>\n<p><strong>Hora: 20.00<\/strong> <\/p>\n<p><strong>Abierto al p\u00fablico<\/strong><\/p>\n","protected":false},"excerpt":{"rendered":"<p>PlanVex.es 11-11-18 J\u00f3venes investigadores y expertos acreditados ser\u00e1n los ponentes del ciclo Lunes Investiga 2018-2019 en Plasencia. Hablar\u00e1n sobre restauraci\u00f3n del patrimonio, her\u00e1ldica, historia, urbanismo, arte y m\u00fasica desde el 12 de noviembre hasta el 10 de junio, cada segundo lunes de mes.<\/p>\n","protected":false},"author":1,"featured_media":0,"comment_status":"closed","ping_status":"closed","sticky":false,"template":"","format":"standard","meta":{"footnotes":""},"categories":[42],"tags":[],"_links":{"self":[{"href":"https:\/\/diocesisplasencia.org\/hemeroteca\/wp-json\/wp\/v2\/posts\/5439"}],"collection":[{"href":"https:\/\/diocesisplasencia.org\/hemeroteca\/wp-json\/wp\/v2\/posts"}],"about":[{"href":"https:\/\/diocesisplasencia.org\/hemeroteca\/wp-json\/wp\/v2\/types\/post"}],"author":[{"embeddable":true,"href":"https:\/\/diocesisplasencia.org\/hemeroteca\/wp-json\/wp\/v2\/users\/1"}],"replies":[{"embeddable":true,"href":"https:\/\/diocesisplasencia.org\/hemeroteca\/wp-json\/wp\/v2\/comments?post=5439"}],"version-history":[{"count":0,"href":"https:\/\/diocesisplasencia.org\/hemeroteca\/wp-json\/wp\/v2\/posts\/5439\/revisions"}],"wp:attachment":[{"href":"https:\/\/diocesisplasencia.org\/hemeroteca\/wp-json\/wp\/v2\/media?parent=5439"}],"wp:term":[{"taxonomy":"category","embeddable":true,"href":"https:\/\/diocesisplasencia.org\/hemeroteca\/wp-json\/wp\/v2\/categories?post=5439"},{"taxonomy":"post_tag","embeddable":true,"href":"https:\/\/diocesisplasencia.org\/hemeroteca\/wp-json\/wp\/v2\/tags?post=5439"}],"curies":[{"name":"wp","href":"https:\/\/api.w.org\/{rel}","templated":true}]}}