{"id":5410,"date":"2018-10-29T23:05:00","date_gmt":"2018-10-29T22:05:00","guid":{"rendered":"http:\/\/www.diocesisplasencia.org\/w\/?p=5410"},"modified":"2018-10-29T23:05:00","modified_gmt":"2018-10-29T22:05:00","slug":"el-obispado-de-plasencia-pone-en-marcha-un-protocolo-frente-a-abusos-sexuales-a-menores","status":"publish","type":"post","link":"https:\/\/diocesisplasencia.org\/hemeroteca\/el-obispado-de-plasencia-pone-en-marcha-un-protocolo-frente-a-abusos-sexuales-a-menores\/","title":{"rendered":"El Obispado de Plasencia pone en marcha un protocolo frente a abusos sexuales a menores"},"content":{"rendered":"<p><a href=\"https:\/\/www.eldiario.es\/eldiarioex\/plasencia\/Obispado-Plasencia-protocolo-sexuales-menores_0_830117844.html\" target=\"_blank\" rel=\"noopener noreferrer\">eldiario.es 29-10-18<\/a><\/p>\n<p>El <strong>Obispado de Plasencia<\/strong> ha hecho p\u00fablico un protocolo sobre prevenci\u00f3n y actuaci\u00f3n frente a <strong>abusos sexuales a menores. <\/strong>Se marcan de una manera \u00absencilla y clara\u00bb las directrices a seguir en la Iglesia placentina para la prevenci\u00f3n, detecci\u00f3n, denuncia y actuaci\u00f3n ante este tipo espec\u00edfico de maltrato infantil. <\/p>\n<p>Las indicaciones est\u00e1n dirigidas especialmente a los sacerdotes pero tambi\u00e9n a todas aquellas personas que realizan una labor pastoral directa con ni\u00f1os y adolescentes, como catequistas, formadores, profesores o monitores de campamentos, entre otros.<\/p>\n<p><!--more--><\/p>\n<p><p>Seg\u00fan expresa el obispado en su \u00faltimo n\u00famero de &#8216;Iglesia en Camino&#8217;,&nbsp; la denuncia \u00abes la \u00fanica v\u00eda de opci\u00f3n, a\u00fan sin tener la certeza de que el menor est\u00e9 siendo v\u00edctima de violaciones\u00bb. <\/p>\n<h5><font style=\"font-weight: bold\">Selecci\u00f3n de personal<\/font><\/h5>\n<p>El documento se\u00f1ala que la pol\u00edtica de prevenci\u00f3n \u00abcomienza con la selecci\u00f3n de personal\u00bb. En este sentido, adem\u00e1s de las oportunas entrevistas previas, se exige que todas las personas que entren en contacto con menores deber\u00e1n presentar el certificado negativo del Registro Central de Delincuentes Sexuales. <\/p>\n<p>Adem\u00e1s, los sacerdotes, personal contratado y voluntarios firmar\u00e1n un documento expreso donde se\u00f1alan su repulsa a todo abuso contra menores y que si cometen cualquier acto de este tipo, \u00ablo hacen enga\u00f1ando y traicionando la voluntad de la Iglesia, siendo responsables de los mismos \u00fanica y exclusivamente quien los realiza\u00bb. <\/p>\n<h5><font style=\"font-weight: bold\">Pr\u00e1cticas preventivas <\/font><\/h5>\n<p>La firma tambi\u00e9n conlleva participar en cursos de prevenci\u00f3n y denuncia de estas pr\u00e1cticas. El protocolo enumera, adem\u00e1s, una serie de pr\u00e1cticas preventivas para evitar abusos, violaciones o estupros, entre ellas \u00abeludir muestras f\u00edsicas de afecto\u00bb, \u00abno examinar a un enfermo sin la presencia de otro adulto\u00bb o \u00abllevar a cabo como norma una pol\u00edtica de puerta nunca cerrada\u00bb. <\/p>\n<p>El documento proh\u00edbe \u00ababsolutamente la pr\u00e1ctica de juegos, bromas o castigos que puedan tener connotaci\u00f3n sexual, evitando cualquier tipo de conductas que impliquen o sugieran desnudarse o besarse\u00bb, as\u00ed como \u00abnovatadas y otras din\u00e1micas o juegos que puedan llevar actos vejatorios, denigrantes o sexistas\u00bb. <\/p>\n<h5><font style=\"font-weight: bold\">\u00abLa denuncia es la \u00fanica v\u00eda de opci\u00f3n\u00bb<\/font><\/h5>\n<p>Se\u00f1ala tambi\u00e9n la forma de actuar en caso de revelarse un caso de abuso a menores, \u00aben los que la denuncia es la \u00fanica v\u00eda de opci\u00f3n, a\u00fan sin tener la certeza de que el menor est\u00e9 siendo v\u00edctima de violaciones\u00bb, defiende el Obispado. <\/p>\n<p>As\u00ed, ante cualquier sospecha o revelaci\u00f3n de abuso \u00abser\u00e1 obligatorio informar a la Vicar\u00eda General\u00bb, de tal forma que ser\u00e1 el Obispado quien notifique a los servicios especializados la informaci\u00f3n (Instituci\u00f3n de protecci\u00f3n de menores) y al Ministerio Fiscal. Por lo que refiere al \u00e1mbito eclesial, el protocolo pide llevar a la pr\u00e1ctica las medidas propuestas por la Santa Sede y la propia normativa de la Conferencia Episcopal Espa\u00f1ola. <\/p>\n<p>As\u00ed, se debe proteger la libertad de los testigos y garantizar la buena marcha del proceso, imponer medidas temporales de car\u00e1cter cautelar para prohibir al cl\u00e9rigo acusado el ejercicio del ministerio sagrado o del propio oficio, imponer o prohibir la residencia en determinados lugares, o incluso prohibirle la participaci\u00f3n p\u00fablica en la eucarist\u00eda.<\/p>\n","protected":false},"excerpt":{"rendered":"<p>eldiario.es 29-10-18 El Obispado de Plasencia ha hecho p\u00fablico un protocolo sobre prevenci\u00f3n y actuaci\u00f3n frente a abusos sexuales a menores. Se marcan de una manera \u00absencilla y clara\u00bb las directrices a seguir en la Iglesia placentina para la prevenci\u00f3n, detecci\u00f3n, denuncia y actuaci\u00f3n ante&#8230;<\/p>\n","protected":false},"author":1,"featured_media":0,"comment_status":"closed","ping_status":"closed","sticky":false,"template":"","format":"standard","meta":{"footnotes":""},"categories":[42],"tags":[],"_links":{"self":[{"href":"https:\/\/diocesisplasencia.org\/hemeroteca\/wp-json\/wp\/v2\/posts\/5410"}],"collection":[{"href":"https:\/\/diocesisplasencia.org\/hemeroteca\/wp-json\/wp\/v2\/posts"}],"about":[{"href":"https:\/\/diocesisplasencia.org\/hemeroteca\/wp-json\/wp\/v2\/types\/post"}],"author":[{"embeddable":true,"href":"https:\/\/diocesisplasencia.org\/hemeroteca\/wp-json\/wp\/v2\/users\/1"}],"replies":[{"embeddable":true,"href":"https:\/\/diocesisplasencia.org\/hemeroteca\/wp-json\/wp\/v2\/comments?post=5410"}],"version-history":[{"count":0,"href":"https:\/\/diocesisplasencia.org\/hemeroteca\/wp-json\/wp\/v2\/posts\/5410\/revisions"}],"wp:attachment":[{"href":"https:\/\/diocesisplasencia.org\/hemeroteca\/wp-json\/wp\/v2\/media?parent=5410"}],"wp:term":[{"taxonomy":"category","embeddable":true,"href":"https:\/\/diocesisplasencia.org\/hemeroteca\/wp-json\/wp\/v2\/categories?post=5410"},{"taxonomy":"post_tag","embeddable":true,"href":"https:\/\/diocesisplasencia.org\/hemeroteca\/wp-json\/wp\/v2\/tags?post=5410"}],"curies":[{"name":"wp","href":"https:\/\/api.w.org\/{rel}","templated":true}]}}