{"id":5406,"date":"2018-10-30T09:02:00","date_gmt":"2018-10-30T08:02:00","guid":{"rendered":"http:\/\/www.diocesisplasencia.org\/w\/?p=5406"},"modified":"2018-10-30T09:02:00","modified_gmt":"2018-10-30T08:02:00","slug":"el-obispado-de-plasencia-elabora-un-protocolo-contra-los-abusos-sexuales-a-menores","status":"publish","type":"post","link":"https:\/\/diocesisplasencia.org\/hemeroteca\/el-obispado-de-plasencia-elabora-un-protocolo-contra-los-abusos-sexuales-a-menores\/","title":{"rendered":"El Obispado de Plasencia elabora un protocolo contra los abusos sexuales a menores"},"content":{"rendered":"<p><a href=\"https:\/\/www.hoy.es\/plasencia\/obispado-elabora-protocolo-20181030003730-ntvo.html\" target=\"_blank\" rel=\"noopener noreferrer\">DIARIO HOY 30-10-18<\/a><\/p>\n<p>El Obispado de Plasencia ha hecho p\u00fablico el protocolo sobre prevenci\u00f3n y actuaci\u00f3n frente a los abusos sexuales a menores. Tal como recoge la publicaci\u00f3n Iglesia en Plasencia, el objetivo ha sido establecer de una forma \u00absencilla y clara\u00bb c\u00f3mo hay que actuar ante la detecci\u00f3n de un caso. Unas instrucciones centradas sobre todo en la prevenci\u00f3n y dirigidas a los sacerdotes, \u00abpero tambi\u00e9n a todas aquellas personas que realizan una labor pastoral directa con ni\u00f1os y adolescentes, como catequistas, formadores, profesores o monitores de campamento\u00bb.<\/p>\n<p><!--more--><\/p>\n<p><p>De hecho, en el propio protocolo se se\u00f1ala que \u00abel documento est\u00e1 orientado a prevenir y, en su caso, a detectar y denunciar, as\u00ed como a actuar con rapidez y firmeza ante el abuso sexual perpetrado por cualquier miembro del personal o colaborador en las actividades pastorales llevadas a cabo por la Di\u00f3cesis de Plasencia\u00bb. <\/p>\n<p> Incide especialmente en la prevenci\u00f3n y se\u00f1ala que \u00e9sta debe comenzar por la selecci\u00f3n de personal. Por eso, \u00abadem\u00e1s de las oportunas entrevistas previas\u00bb, exige que todas las personas que entren en contacto con menores, presenten el certificado negativo del registro central de delincuentes sexuales. <\/p>\n<h5><font style=\"font-weight: bold\">Prevenci\u00f3n<\/font><\/h5>\n<p>Pero no solo eso. Tanto sacerdotes como personal contratado y voluntarios en la Iglesia placentina \u00abfirmar\u00e1n un documento expreso donde se\u00f1alen su repulsa a todo abuso contra menores\u00bb y tambi\u00e9n dejen claro que, si cometen cualquier acto de este tipo, \u00ablo hacen enga\u00f1ando y traicionando la voluntad de la Iglesia, siendo responsables del mismo \u00fanica y exclusivamente quienes lo realizan\u00bb.  <\/p>\n<p>En el cap\u00edtulo de prevenci\u00f3n, en el que m\u00e1s incide el protocolo del Obispado de Plasencia, se recogen diversas pr\u00e1cticas a seguir. Entre otras recomendaciones, se aconseja que las muestras f\u00edsicas de afecto se hagan con mesura y respeto, que se evite quedarse a solas mucho tiempo con un menor, dejar la puerta abierta cuando se habla con un menor en un despacho o habitaci\u00f3n, examinar a enfermo o herido en presencia de otro adulto, hablar en privado con un menor en un entorno visible y accesible para los dem\u00e1s, e informar a los padres de una situaci\u00f3n inusual en la que se va a estar o se ha estado a solas con un menor o cuando se va tener o se ha tenido un contacto f\u00edsico relevante por razones sanitarias o disciplinarias. <\/p>\n<h5><font style=\"font-weight: bold\">Denuncia<\/font><\/h5>\n<p>Una vez se tiene conocimiento de un caso de abuso sexual a un menor, el protocolo aclara que \u00abla denuncia es la \u00fanica v\u00eda de opci\u00f3n\u00bb aunque no se tenga certeza y que \u00abes obligatorio informar a la Vicar\u00eda General\u00bb. Al mismo tiempo que el obispo deber\u00e1 notificar el caso al Ministerio Fiscal. <\/p>\n<p>Por \u00faltimo, durante el proceso posterior a la denuncia, el protocolo de la Di\u00f3cesis de Plasencia establece la imposici\u00f3n de medidas temporales de car\u00e1cter cautelar. Entre ellas, plantea \u00abprohibir al cl\u00e9rigo que haya sido acusado el ejercicio del ministerio, prohibirle tambi\u00e9n la residencia en determinados lugares o, incluso, la participaci\u00f3n p\u00fablica en la eucarist\u00eda\u00bb. <\/p>\n<p>El protocolo se ha enviado a sacerdotes y directores de colegios cat\u00f3licos.<\/p>\n","protected":false},"excerpt":{"rendered":"<p>DIARIO HOY 30-10-18 El Obispado de Plasencia ha hecho p\u00fablico el protocolo sobre prevenci\u00f3n y actuaci\u00f3n frente a los abusos sexuales a menores. Tal como recoge la publicaci\u00f3n Iglesia en Plasencia, el objetivo ha sido establecer de una forma \u00absencilla y clara\u00bb c\u00f3mo hay que&#8230;<\/p>\n","protected":false},"author":1,"featured_media":0,"comment_status":"closed","ping_status":"closed","sticky":false,"template":"","format":"standard","meta":{"footnotes":""},"categories":[42],"tags":[],"_links":{"self":[{"href":"https:\/\/diocesisplasencia.org\/hemeroteca\/wp-json\/wp\/v2\/posts\/5406"}],"collection":[{"href":"https:\/\/diocesisplasencia.org\/hemeroteca\/wp-json\/wp\/v2\/posts"}],"about":[{"href":"https:\/\/diocesisplasencia.org\/hemeroteca\/wp-json\/wp\/v2\/types\/post"}],"author":[{"embeddable":true,"href":"https:\/\/diocesisplasencia.org\/hemeroteca\/wp-json\/wp\/v2\/users\/1"}],"replies":[{"embeddable":true,"href":"https:\/\/diocesisplasencia.org\/hemeroteca\/wp-json\/wp\/v2\/comments?post=5406"}],"version-history":[{"count":0,"href":"https:\/\/diocesisplasencia.org\/hemeroteca\/wp-json\/wp\/v2\/posts\/5406\/revisions"}],"wp:attachment":[{"href":"https:\/\/diocesisplasencia.org\/hemeroteca\/wp-json\/wp\/v2\/media?parent=5406"}],"wp:term":[{"taxonomy":"category","embeddable":true,"href":"https:\/\/diocesisplasencia.org\/hemeroteca\/wp-json\/wp\/v2\/categories?post=5406"},{"taxonomy":"post_tag","embeddable":true,"href":"https:\/\/diocesisplasencia.org\/hemeroteca\/wp-json\/wp\/v2\/tags?post=5406"}],"curies":[{"name":"wp","href":"https:\/\/api.w.org\/{rel}","templated":true}]}}