{"id":5375,"date":"2018-10-18T13:12:09","date_gmt":"2018-10-18T11:12:09","guid":{"rendered":"http:\/\/www.diocesisplasencia.org\/w\/?p=5375"},"modified":"2018-10-18T13:12:09","modified_gmt":"2018-10-18T11:12:09","slug":"arranca-la-formacin-permanente-del-clero","status":"publish","type":"post","link":"https:\/\/diocesisplasencia.org\/hemeroteca\/arranca-la-formacin-permanente-del-clero\/","title":{"rendered":"Arranca la formaci\u00f3n permanente del clero"},"content":{"rendered":"<p><a href=\"http:\/\/www.diocesisplasencia.org\/w\/wp-content\/uploads\/2015\/Arranca-la-formacin-permanente-del-clero_B464\/IMG_7121.jpg\"><img decoding=\"async\" title=\"IMG_7121\" style=\"border-left-width: 0px; border-right-width: 0px; background-image: none; border-bottom-width: 0px; padding-top: 0px; padding-left: 0px; display: inline; padding-right: 0px; border-top-width: 0px\" border=\"0\" alt=\"IMG_7121\" src=\"http:\/\/www.diocesisplasencia.org\/w\/wp-content\/uploads\/2015\/Arranca-la-formacin-permanente-del-clero_B464\/IMG_7121_thumb_3.jpg\" width=\"262\" height=\"136\"><\/a><\/p>\n<p>El curso de formaci\u00f3n permanente del clero diocesano ha sido inaugurado hoy por Monse\u00f1or Retana Gozalo en el Seminario diocesano.<\/p>\n<p><!--more--><\/p>\n<p>La lecci\u00f3n inaugural la ha llevado a cabo Francisco Garc\u00eda Mart\u00ednez, doctor en Teolog\u00eda y profesor de la Universidad Pontificia de Salamanca. Garc\u00eda ha hablado a los presentes sobre&nbsp; el tema \u201cReavivar la esperanza sacerdotal en un mundo distinto\u201d. <\/p>\n<p><a href=\"http:\/\/www.diocesisplasencia.org\/w\/wp-content\/uploads\/2015\/Arranca-la-formacin-permanente-del-clero_B464\/IMG_7118.jpg\"><img decoding=\"async\" title=\"IMG_7118\" style=\"border-left-width: 0px; border-right-width: 0px; background-image: none; border-bottom-width: 0px; padding-top: 0px; padding-left: 0px; display: inline; padding-right: 0px; border-top-width: 0px\" border=\"0\" alt=\"IMG_7118\" src=\"http:\/\/www.diocesisplasencia.org\/w\/wp-content\/uploads\/2015\/Arranca-la-formacin-permanente-del-clero_B464\/IMG_7118_thumb.jpg\" width=\"204\" height=\"137\"><\/a><a href=\"http:\/\/www.diocesisplasencia.org\/w\/wp-content\/uploads\/2015\/Arranca-la-formacin-permanente-del-clero_B464\/IMG_7122.jpg\"><img decoding=\"async\" title=\"IMG_7122\" style=\"border-left-width: 0px; border-right-width: 0px; background-image: none; border-bottom-width: 0px; padding-top: 0px; padding-left: 0px; display: inline; padding-right: 0px; border-top-width: 0px\" border=\"0\" alt=\"IMG_7122\" src=\"http:\/\/www.diocesisplasencia.org\/w\/wp-content\/uploads\/2015\/Arranca-la-formacin-permanente-del-clero_B464\/IMG_7122_thumb.jpg\" width=\"204\" height=\"137\"><\/a><\/p>\n<p>El director del Instituto San Fulgencio de Estudios Teol\u00f3gico-Pastorales, don Leopoldo Hueso Mu\u00f1oz, ha presentado al ponente y ha dado las gracias a todos los sacerdotes que un a\u00f1o m\u00e1s acuden a esta cita formativa. Adem\u00e1s les ha hablado sobre el programa y los temas que se tratar\u00e1n este curso. <\/p>\n<p><a href=\"http:\/\/www.diocesisplasencia.org\/w\/wp-content\/uploads\/2015\/Arranca-la-formacin-permanente-del-clero_B464\/Scan10057.jpg\"><img loading=\"lazy\" decoding=\"async\" title=\"Scan10057\" style=\"border-left-width: 0px; border-right-width: 0px; background-image: none; border-bottom-width: 0px; padding-top: 0px; padding-left: 0px; display: inline; padding-right: 0px; border-top-width: 0px\" border=\"0\" alt=\"Scan10057\" src=\"http:\/\/www.diocesisplasencia.org\/w\/wp-content\/uploads\/2015\/Arranca-la-formacin-permanente-del-clero_B464\/Scan10057_thumb.jpg\" width=\"244\" height=\"172\"><\/a><\/p>\n<p>El Instituto imparte esta formaci\u00f3n a los sacerdotes de la Di\u00f3cesis en sus dos sedes, Plasencia y Trujillo, en el Seminario Diocesano y la Casa de Espiritualidad \u201cSan Clemente\u201d. El 25 de octubre tendr\u00e1 lugar la sesi\u00f3n inaugural en Trujillo, en la que se tratar\u00e1 el mismo tema. <\/p>\n<p>Las recomendaciones ya dadas por el Concilio Vaticano II y actualizaciones en la Exhortaci\u00f3n Apost\u00f3lica PDV y \u00faltimamente en la Ratio Institutionis Sacerdotalis sobre la Formaci\u00f3n Permanente, subrayan la \u00edntima vinculaci\u00f3n de las dimensiones de la formaci\u00f3n que se inicia en el Seminario y contin\u00faa durante toda la vida. \u201cEs un camino discipular que exige un continuo crecimiento en la caridad, s\u00edntesis de la \u201cperfecci\u00f3n sacerdotal\u201d, pero esto no puede realizarse aisladamente, porque los presb\u00edteros forman un \u00fanico presbiterio, cuya unidad es constituida por \u201cparticulares v\u00ednculos de caridad apost\u00f3lica, de misterio y de fraternidad\u201d\u2026\u201dla \u00edntima fraternidad sacramental\u201d de los presb\u00edteros es la primera manifestaci\u00f3n de la caridad , y tambi\u00e9n el primer espacio en el cual \u00e9sta puede desarrollarse\u201d (RFIS 87).<\/p>\n","protected":false},"excerpt":{"rendered":"<p>El curso de formaci\u00f3n permanente del clero diocesano ha sido inaugurado hoy por Monse\u00f1or Retana Gozalo en el Seminario diocesano.<\/p>\n","protected":false},"author":1,"featured_media":0,"comment_status":"closed","ping_status":"closed","sticky":false,"template":"","format":"standard","meta":{"footnotes":""},"categories":[32],"tags":[],"_links":{"self":[{"href":"https:\/\/diocesisplasencia.org\/hemeroteca\/wp-json\/wp\/v2\/posts\/5375"}],"collection":[{"href":"https:\/\/diocesisplasencia.org\/hemeroteca\/wp-json\/wp\/v2\/posts"}],"about":[{"href":"https:\/\/diocesisplasencia.org\/hemeroteca\/wp-json\/wp\/v2\/types\/post"}],"author":[{"embeddable":true,"href":"https:\/\/diocesisplasencia.org\/hemeroteca\/wp-json\/wp\/v2\/users\/1"}],"replies":[{"embeddable":true,"href":"https:\/\/diocesisplasencia.org\/hemeroteca\/wp-json\/wp\/v2\/comments?post=5375"}],"version-history":[{"count":0,"href":"https:\/\/diocesisplasencia.org\/hemeroteca\/wp-json\/wp\/v2\/posts\/5375\/revisions"}],"wp:attachment":[{"href":"https:\/\/diocesisplasencia.org\/hemeroteca\/wp-json\/wp\/v2\/media?parent=5375"}],"wp:term":[{"taxonomy":"category","embeddable":true,"href":"https:\/\/diocesisplasencia.org\/hemeroteca\/wp-json\/wp\/v2\/categories?post=5375"},{"taxonomy":"post_tag","embeddable":true,"href":"https:\/\/diocesisplasencia.org\/hemeroteca\/wp-json\/wp\/v2\/tags?post=5375"}],"curies":[{"name":"wp","href":"https:\/\/api.w.org\/{rel}","templated":true}]}}