{"id":5373,"date":"2018-10-18T12:46:43","date_gmt":"2018-10-18T10:46:43","guid":{"rendered":"http:\/\/www.diocesisplasencia.org\/w\/?p=5373"},"modified":"2018-10-18T12:46:43","modified_gmt":"2018-10-18T10:46:43","slug":"presentacin-de-la-campaa-del-domund","status":"publish","type":"post","link":"https:\/\/diocesisplasencia.org\/hemeroteca\/presentacin-de-la-campaa-del-domund\/","title":{"rendered":"Presentaci\u00f3n de la campa\u00f1a del Domund"},"content":{"rendered":"<p><a href=\"http:\/\/www.diocesisplasencia.org\/w\/wp-content\/uploads\/2015\/Presentacin-de-la-campaa-del-Domund_AF1C\/IMG_7103.jpg\"><img decoding=\"async\" title=\"IMG_7103\" style=\"border-left-width: 0px; border-right-width: 0px; background-image: none; border-bottom-width: 0px; padding-top: 0px; padding-left: 0px; display: inline; padding-right: 0px; border-top-width: 0px\" border=\"0\" alt=\"IMG_7103\" src=\"http:\/\/www.diocesisplasencia.org\/w\/wp-content\/uploads\/2015\/Presentacin-de-la-campaa-del-Domund_AF1C\/IMG_7103_thumb.jpg\" width=\"244\" height=\"164\"><\/a><\/p>\n<p>En la ma\u00f1ana de hoy jueves 18 de octubre se ha llevado a cabo una rueda de prensa, en el Obispado de Plasencia, para presentar la campa\u00f1a del DOMUND.<\/p>\n<p><!--more--><\/p>\n<p>En la misma ha estado presente nuestro obispo,&nbsp; animando a la solidaridad ciudadana y explicando la importancia del DOMUND que se celebra el pr\u00f3ximo domingo 21 de octubre, \u201ccelebramos el Domingo Mundial de las Misiones la Iglesia existe para evangelizar y con esta campa\u00f1a apoyamos a los que llevan el mensaje de la Iglesia por todo el mundo\u201d.<\/p>\n<p>El delegado diocesano de Misiones, el sacerdote diocesano Ovidio Delgado Alonso, record\u00f3 a los medios de comunicaci\u00f3n el lema de este a\u00f1o \u201cDomund, cambia el mundo\u201d&nbsp; y del cartel de este a\u00f1o en el que se ven unas manos con un cubo, \u201clas manos son las de Dios que nos sostienen a todos en la tarea de evangelizar y en el cubo se ven diferentes im\u00e1genes que hacen posible la riqueza y la diversidad de la Iglesia\u201d.<\/p>\n<p><a href=\"http:\/\/www.diocesisplasencia.org\/w\/wp-content\/uploads\/2015\/Presentacin-de-la-campaa-del-Domund_AF1C\/IMG_7111.jpg\"><img decoding=\"async\" title=\"IMG_7111\" style=\"border-left-width: 0px; border-right-width: 0px; background-image: none; border-bottom-width: 0px; padding-top: 0px; padding-left: 0px; display: inline; padding-right: 0px; border-top-width: 0px\" border=\"0\" alt=\"IMG_7111\" src=\"http:\/\/www.diocesisplasencia.org\/w\/wp-content\/uploads\/2015\/Presentacin-de-la-campaa-del-Domund_AF1C\/IMG_7111_thumb.jpg\" width=\"244\" height=\"164\"><\/a><\/p>\n<p><strong>Datos en nuestra di\u00f3cesis<\/strong><\/p>\n<p>En nuestra di\u00f3cesis tenemos 60 misioneros, 56% mujeres y 44% hombres, pr\u00e1cticamente en todos los continentes. En cuanto a las aportaciones, el a\u00f1o pasado se recaudaron, en toda la Di\u00f3cesis, 84.000 euros. Una cifra que cada a\u00f1o va bajando debido a la crisis econ\u00f3mica, entre otros factores. \u201cMe gustar\u00eda destacar la generosidad de peque\u00f1os pueblos porque los que menos tienen son los que m\u00e1s dan. Dentro de las tres di\u00f3cesis extreme\u00f1as, la nuestra es la que menos ha bajado en la recaudaci\u00f3n y nosotros seguimos trabajando para que esto as\u00ed sea y poder ayudar a nuestros misioneros\u201d.<\/p>\n<p>Por \u00faltimo intervino Mar\u00eda Jos\u00e9 Torres, de la parroquia placentina de El Salvador, para contar su experiencia como voluntaria en Costa de M\u00e1rfil, \u201ces algo que todo el mundo deber\u00eda experimentar para saber de primera mano el trabajo que llevan a cabo nuestros misioneros por todo el mundo ayudando a los necesitados\u201d.<\/p>\n","protected":false},"excerpt":{"rendered":"<p>En la ma\u00f1ana de hoy jueves 18 de octubre se ha llevado a cabo una rueda de prensa, en el Obispado de Plasencia, para presentar la campa\u00f1a del DOMUND.<\/p>\n","protected":false},"author":1,"featured_media":0,"comment_status":"closed","ping_status":"closed","sticky":false,"template":"","format":"standard","meta":{"footnotes":""},"categories":[32],"tags":[],"_links":{"self":[{"href":"https:\/\/diocesisplasencia.org\/hemeroteca\/wp-json\/wp\/v2\/posts\/5373"}],"collection":[{"href":"https:\/\/diocesisplasencia.org\/hemeroteca\/wp-json\/wp\/v2\/posts"}],"about":[{"href":"https:\/\/diocesisplasencia.org\/hemeroteca\/wp-json\/wp\/v2\/types\/post"}],"author":[{"embeddable":true,"href":"https:\/\/diocesisplasencia.org\/hemeroteca\/wp-json\/wp\/v2\/users\/1"}],"replies":[{"embeddable":true,"href":"https:\/\/diocesisplasencia.org\/hemeroteca\/wp-json\/wp\/v2\/comments?post=5373"}],"version-history":[{"count":0,"href":"https:\/\/diocesisplasencia.org\/hemeroteca\/wp-json\/wp\/v2\/posts\/5373\/revisions"}],"wp:attachment":[{"href":"https:\/\/diocesisplasencia.org\/hemeroteca\/wp-json\/wp\/v2\/media?parent=5373"}],"wp:term":[{"taxonomy":"category","embeddable":true,"href":"https:\/\/diocesisplasencia.org\/hemeroteca\/wp-json\/wp\/v2\/categories?post=5373"},{"taxonomy":"post_tag","embeddable":true,"href":"https:\/\/diocesisplasencia.org\/hemeroteca\/wp-json\/wp\/v2\/tags?post=5373"}],"curies":[{"name":"wp","href":"https:\/\/api.w.org\/{rel}","templated":true}]}}