{"id":5333,"date":"2018-09-04T11:11:00","date_gmt":"2018-09-04T09:11:00","guid":{"rendered":"http:\/\/www.diocesisplasencia.org\/w\/?p=5333"},"modified":"2018-09-04T11:11:00","modified_gmt":"2018-09-04T09:11:00","slug":"el-sacerdote-eugenio-albalate-es-el-nuevo-vicario-de-la-zona-sur","status":"publish","type":"post","link":"https:\/\/diocesisplasencia.org\/hemeroteca\/el-sacerdote-eugenio-albalate-es-el-nuevo-vicario-de-la-zona-sur\/","title":{"rendered":"El sacerdote Eugenio Albalate es el nuevo vicario de la zona sur"},"content":{"rendered":"<p><a href=\"http:\/\/www.elperiodicoextremadura.com\/noticias\/provinciacaceres\/sacerdote-eugenio-albalate-es-nuevo-vicario-zona-sur_1111110.html\" target=\"_blank\" rel=\"noopener noreferrer\">EL PERI\u00d3DICO EXTREMADURA 04-09-18<\/a><\/p>\n<p>El p\u00e1rroco de las iglesias de Santa Mar\u00eda la Mayor, San Francisco y San Mart\u00edn de Tours de Trujillo, as\u00ed como administrador parroquial de Bel\u00e9n y Huertas de la Magdalena, Eugenio Albalate, ha tomado posesi\u00f3n de su cargo en el Obispado de Plasencia como nuevo vicario episcopal de la zona sur de la di\u00f3cesis de Extremadura. Durante el acto, el obispo ha destac\u00f3 las cualidades de Albalate para llevar a cabo esta nueva tarea, como son su \u00abcordialidad y amistad con todos los sacerdotes\u00bb, resalt\u00f3.<\/p>\n<p><!--more--><\/p>\n<p><p>A continuaci\u00f3n, el canciller secretario general, Juan Jos\u00e9 Gallego Palomero, procedi\u00f3 a la lectura del nombramiento que fue firmado por Monse\u00f1or Retana y nuevo Vicario. Como es tradici\u00f3n, le sigui\u00f3 la lectura del juramento de fidelidad y la profesi\u00f3n de fe, con las posteriores firmas. Por su parte, el nuevo vicario episcopal para la zona sur de la di\u00f3cesis dirigi\u00f3 unas palabras de agradecimiento \u00aba Dios y al obispo por haberse fijado en m\u00ed para llevar a cabo esta tarea\u00bb. Igualmente, Albalate pidi\u00f3 una oraci\u00f3n \u00abpara que lo pueda desempe\u00f1ar como la Iglesia lo espera y necesita\u00bb. <\/p>\n<p> RELEVOS\/ Adem\u00e1s de Eugenio Albalate, recientemente ha llegado a Trujillo el sacerdote Jos\u00e9 Manuel Garc\u00eda Mart\u00edn, vicario parroquial tanto de Santa Mar\u00eda y San Francisco, como de San Mart\u00edn. Ambos toman el relevo de Miguel \u00c1ngel Ventana, que ha sido p\u00e1rroco de San Mart\u00edn , y de Vladimir S\u00e1nchez.<\/p>\n","protected":false},"excerpt":{"rendered":"<p>EL PERI\u00d3DICO EXTREMADURA 04-09-18 El p\u00e1rroco de las iglesias de Santa Mar\u00eda la Mayor, San Francisco y San Mart\u00edn de Tours de Trujillo, as\u00ed como administrador parroquial de Bel\u00e9n y Huertas de la Magdalena, Eugenio Albalate, ha tomado posesi\u00f3n de su cargo en el Obispado&#8230;<\/p>\n","protected":false},"author":1,"featured_media":0,"comment_status":"closed","ping_status":"closed","sticky":false,"template":"","format":"standard","meta":{"footnotes":""},"categories":[42],"tags":[],"_links":{"self":[{"href":"https:\/\/diocesisplasencia.org\/hemeroteca\/wp-json\/wp\/v2\/posts\/5333"}],"collection":[{"href":"https:\/\/diocesisplasencia.org\/hemeroteca\/wp-json\/wp\/v2\/posts"}],"about":[{"href":"https:\/\/diocesisplasencia.org\/hemeroteca\/wp-json\/wp\/v2\/types\/post"}],"author":[{"embeddable":true,"href":"https:\/\/diocesisplasencia.org\/hemeroteca\/wp-json\/wp\/v2\/users\/1"}],"replies":[{"embeddable":true,"href":"https:\/\/diocesisplasencia.org\/hemeroteca\/wp-json\/wp\/v2\/comments?post=5333"}],"version-history":[{"count":0,"href":"https:\/\/diocesisplasencia.org\/hemeroteca\/wp-json\/wp\/v2\/posts\/5333\/revisions"}],"wp:attachment":[{"href":"https:\/\/diocesisplasencia.org\/hemeroteca\/wp-json\/wp\/v2\/media?parent=5333"}],"wp:term":[{"taxonomy":"category","embeddable":true,"href":"https:\/\/diocesisplasencia.org\/hemeroteca\/wp-json\/wp\/v2\/categories?post=5333"},{"taxonomy":"post_tag","embeddable":true,"href":"https:\/\/diocesisplasencia.org\/hemeroteca\/wp-json\/wp\/v2\/tags?post=5333"}],"curies":[{"name":"wp","href":"https:\/\/api.w.org\/{rel}","templated":true}]}}