{"id":5296,"date":"2018-08-09T11:33:00","date_gmt":"2018-08-09T09:33:00","guid":{"rendered":"http:\/\/www.diocesisplasencia.org\/w\/?p=5296"},"modified":"2018-08-09T11:33:00","modified_gmt":"2018-08-09T09:33:00","slug":"la-catedral-acoge-la-solemne-novena-en-honor-a-la-asuncin-de-nuestra-seora","status":"publish","type":"post","link":"https:\/\/diocesisplasencia.org\/hemeroteca\/la-catedral-acoge-la-solemne-novena-en-honor-a-la-asuncin-de-nuestra-seora\/","title":{"rendered":"La catedral acoge la solemne novena en honor a la Asunci\u00f3n de Nuestra Se\u00f1ora"},"content":{"rendered":"<p><a href=\"http:\/\/www.elperiodicoextremadura.com\/noticias\/plasencia\/catedral-acoge-solemne-novena-honor-asuncion-nuestra-senora_1106772.html\" target=\"_blank\" rel=\"noopener noreferrer\">EL PERI\u00d3DICO EXTREMADURA 09-08-18<\/a><\/p>\n<p>Desde el pasado seis de agosto la catedral de la ciudad acoge la solemne novena en honor a la Asunci\u00f3n de Nuestra Se\u00f1ora y que se llevar\u00e1 a cabo hasta el pr\u00f3ximo martes 14 de agosto. Habr\u00e1 misa por la ma\u00f1ana y por la tarde. Adem\u00e1s, se podr\u00e1 contemplar la talla de la virgen durmiente, que es del siglo XV.<\/p>\n<p><!--more--><\/p>\n<p><p>Hasta el pr\u00f3ximo martes 14 de agosto, los fieles podr\u00e1n asistir a la solemne novena y misa que se celebrar\u00e1, por las ma\u00f1anas, a las 10.30 horas, que es la misa habitual que se celebra en la santa iglesia catedral, y por las tardes, a las ocho de la tarde, en la que adem\u00e1s habr\u00e1 exposici\u00f3n del Sant\u00edsimo, Santo Rosario, Preces del Novenario y Bendici\u00f3n Eucar\u00edstica. <\/p>\n<p>Adem\u00e1s, como ya es tradici\u00f3n, durante estos nueve d\u00edas permanecer\u00e1 abierto el retablo de la Asunci\u00f3n de la Catedral Nueva que alberga la imagen de la Virgen de la Asunci\u00f3n, tambi\u00e9n conocida como virgen durmiente, y que se encuentra en la capilla situada a la izquierda del retablo mayor. <\/p>\n<p>Para finalizar con la novena, el mi\u00e9rcoles 15 de agosto, d\u00eda de la Asunci\u00f3n, se celebrar\u00e1 una solemne eucarist\u00eda en la Catedral y que estar\u00e1 presidida por Monse\u00f1or Jos\u00e9 Luis Retana, obispo de la Di\u00f3cesis de Plasencia. Tras esta celebraci\u00f3n tendr\u00e1 lugar el cierre de la urna de la Capilla de la Asunci\u00f3n. <\/p>\n<p>Esta imagen solo podr\u00e1 ser vista durante estos d\u00edas.<\/p>\n","protected":false},"excerpt":{"rendered":"<p>EL PERI\u00d3DICO EXTREMADURA 09-08-18 Desde el pasado seis de agosto la catedral de la ciudad acoge la solemne novena en honor a la Asunci\u00f3n de Nuestra Se\u00f1ora y que se llevar\u00e1 a cabo hasta el pr\u00f3ximo martes 14 de agosto. Habr\u00e1 misa por la ma\u00f1ana&#8230;<\/p>\n","protected":false},"author":1,"featured_media":0,"comment_status":"closed","ping_status":"closed","sticky":false,"template":"","format":"standard","meta":{"footnotes":""},"categories":[42],"tags":[],"_links":{"self":[{"href":"https:\/\/diocesisplasencia.org\/hemeroteca\/wp-json\/wp\/v2\/posts\/5296"}],"collection":[{"href":"https:\/\/diocesisplasencia.org\/hemeroteca\/wp-json\/wp\/v2\/posts"}],"about":[{"href":"https:\/\/diocesisplasencia.org\/hemeroteca\/wp-json\/wp\/v2\/types\/post"}],"author":[{"embeddable":true,"href":"https:\/\/diocesisplasencia.org\/hemeroteca\/wp-json\/wp\/v2\/users\/1"}],"replies":[{"embeddable":true,"href":"https:\/\/diocesisplasencia.org\/hemeroteca\/wp-json\/wp\/v2\/comments?post=5296"}],"version-history":[{"count":0,"href":"https:\/\/diocesisplasencia.org\/hemeroteca\/wp-json\/wp\/v2\/posts\/5296\/revisions"}],"wp:attachment":[{"href":"https:\/\/diocesisplasencia.org\/hemeroteca\/wp-json\/wp\/v2\/media?parent=5296"}],"wp:term":[{"taxonomy":"category","embeddable":true,"href":"https:\/\/diocesisplasencia.org\/hemeroteca\/wp-json\/wp\/v2\/categories?post=5296"},{"taxonomy":"post_tag","embeddable":true,"href":"https:\/\/diocesisplasencia.org\/hemeroteca\/wp-json\/wp\/v2\/tags?post=5296"}],"curies":[{"name":"wp","href":"https:\/\/api.w.org\/{rel}","templated":true}]}}