{"id":5294,"date":"2018-08-06T10:06:00","date_gmt":"2018-08-06T08:06:00","guid":{"rendered":"http:\/\/www.diocesisplasencia.org\/w\/?p=5294"},"modified":"2018-08-06T10:06:00","modified_gmt":"2018-08-06T08:06:00","slug":"la-catedral-de-plasencia-muestra-durante-9-das-su-misteriosa-virgen-durmiente","status":"publish","type":"post","link":"https:\/\/diocesisplasencia.org\/hemeroteca\/la-catedral-de-plasencia-muestra-durante-9-das-su-misteriosa-virgen-durmiente\/","title":{"rendered":"La catedral de Plasencia muestra durante 9 d\u00edas su misteriosa Virgen durmiente"},"content":{"rendered":"<p><a href=\"https:\/\/www.hoy.es\/plasencia\/catedral-plasencia-muestra-20180806182002-nt.html\" target=\"_blank\" rel=\"noopener noreferrer\">DIARIO HOY 06-08-18<\/a><\/p>\n<p>La <strong>catedral de Plasencia<\/strong> muestra desde hoy la misteriosa <strong>imagen yacente de la Virgen de la Asunci\u00f3n<\/strong>, que solo es accesible al p\u00fablico durante nueve d\u00edas al a\u00f1o, en coincidencia con la celebraci\u00f3n de la <strong>novena en su honor<\/strong>. <\/p>\n<p>La imagen est\u00e1 instalada en el retablo del altar de la Asunci\u00f3n, o del Tr\u00e1nsito de la Virgen, obra de los <strong>Churriguera<\/strong> fechado en el primer cuarto del siglo XVIII y ubicado en una capilla situada a la izquierda del retablo mayor de la catedral nueva<\/p>\n<p><!--more--><\/p>\n<p><p> Iconogr\u00e1ficamente el retablo contiene una imagen renacentista, de vestir, de la Virgen en el misterio de la Dormici\u00f3n, que est\u00e1 guardada en un arca barroca de madera con incrustaciones de carey, oro y plata y el techo, por dentro, cubierto de plata repujada. <\/p>\n<p>Se trata de una <strong>inusual representaci\u00f3n de una virgen amortajada<\/strong>, que, adem\u00e1s, presenta un singular vestido de terciopelo rosa, regalo de la <strong>reina Isabel II<\/strong>. <\/p>\n<p>El propio origen de la imagen est\u00e1 tambi\u00e9n rodeado de cierto misterio. <\/p>\n<p>La Virgen de la Asunci\u00f3n lleg\u00f3 desde <strong>Navacarros<\/strong> (Salamanca), pueblo perteneciente a la Di\u00f3cesis de Plasencia y poco m\u00e1s se sabe de ella, salvo que es del siglo XV, anterior al retablo que la acoge, que data del XVIII y tambi\u00e9n a la catedral nueva. <\/p>\n<p>Esta imagen, que es visible solo durante nueve d\u00edas al a\u00f1o, se muestra gracias a un complejo sistema de poleas.<\/p>\n","protected":false},"excerpt":{"rendered":"<p>DIARIO HOY 06-08-18 La catedral de Plasencia muestra desde hoy la misteriosa imagen yacente de la Virgen de la Asunci\u00f3n, que solo es accesible al p\u00fablico durante nueve d\u00edas al a\u00f1o, en coincidencia con la celebraci\u00f3n de la novena en su honor. La imagen est\u00e1&#8230;<\/p>\n","protected":false},"author":1,"featured_media":0,"comment_status":"closed","ping_status":"closed","sticky":false,"template":"","format":"standard","meta":{"footnotes":""},"categories":[42],"tags":[],"_links":{"self":[{"href":"https:\/\/diocesisplasencia.org\/hemeroteca\/wp-json\/wp\/v2\/posts\/5294"}],"collection":[{"href":"https:\/\/diocesisplasencia.org\/hemeroteca\/wp-json\/wp\/v2\/posts"}],"about":[{"href":"https:\/\/diocesisplasencia.org\/hemeroteca\/wp-json\/wp\/v2\/types\/post"}],"author":[{"embeddable":true,"href":"https:\/\/diocesisplasencia.org\/hemeroteca\/wp-json\/wp\/v2\/users\/1"}],"replies":[{"embeddable":true,"href":"https:\/\/diocesisplasencia.org\/hemeroteca\/wp-json\/wp\/v2\/comments?post=5294"}],"version-history":[{"count":0,"href":"https:\/\/diocesisplasencia.org\/hemeroteca\/wp-json\/wp\/v2\/posts\/5294\/revisions"}],"wp:attachment":[{"href":"https:\/\/diocesisplasencia.org\/hemeroteca\/wp-json\/wp\/v2\/media?parent=5294"}],"wp:term":[{"taxonomy":"category","embeddable":true,"href":"https:\/\/diocesisplasencia.org\/hemeroteca\/wp-json\/wp\/v2\/categories?post=5294"},{"taxonomy":"post_tag","embeddable":true,"href":"https:\/\/diocesisplasencia.org\/hemeroteca\/wp-json\/wp\/v2\/tags?post=5294"}],"curies":[{"name":"wp","href":"https:\/\/api.w.org\/{rel}","templated":true}]}}