{"id":5287,"date":"2018-08-03T12:57:54","date_gmt":"2018-08-03T10:57:54","guid":{"rendered":"http:\/\/www.diocesisplasencia.org\/w\/?p=5287"},"modified":"2018-08-03T12:57:54","modified_gmt":"2018-08-03T10:57:54","slug":"peregrinacin-de-jvenes-a-santiago","status":"publish","type":"post","link":"https:\/\/diocesisplasencia.org\/hemeroteca\/peregrinacin-de-jvenes-a-santiago\/","title":{"rendered":"Peregrinaci\u00f3n de j\u00f3venes a Santiago"},"content":{"rendered":"<p><a href=\"http:\/\/www.diocesisplasencia.org\/w\/wp-content\/uploads\/2015\/1ed16813e873_B5B5\/foto-2-pg-6.jpg\"><img fetchpriority=\"high\" decoding=\"async\" title=\"foto 2 p&aacute;g 6\" style=\"border-left-width: 0px; border-right-width: 0px; background-image: none; border-bottom-width: 0px; padding-top: 0px; padding-left: 0px; display: inline; padding-right: 0px; border-top-width: 0px\" border=\"0\" alt=\"foto 2 p&aacute;g 6\" src=\"http:\/\/www.diocesisplasencia.org\/w\/wp-content\/uploads\/2015\/1ed16813e873_B5B5\/foto-2-pg-6_thumb.jpg\" width=\"228\" height=\"244\"><\/a>  <\/p>\n<p>Con el lema \u201cSal de tu tierra\u201d del 5 al 12 de agosto los j\u00f3venes de la Di\u00f3cesis caminar\u00e1n a Santiago guiados por el secretariado diocesano de Pastoral Juvenil. <\/p>\n<p><!--more--><\/p>\n<p>A esta cita est\u00e1n llamados los j\u00f3venes de entre 16 a\u00f1os (4\u00ba de ESO) y 35 a\u00f1os, con ganas de ponerse en camino y compartir una experiencia de la Iglesia. El camino se divide en un total de cinco etapas. La primera de 22,4 kil\u00f3metros va de Tui a Mos. La segunda de 29,5 kil\u00f3metros de Mos a Pontevedra. Una tercera etapa de 21,9 kil\u00f3metros de Pontevedra a Caldas de Reis y la cuarta de 18,6 kil\u00f3metros de Caldas de Reis a Padr\u00f3n. La etapa final es de 24,6 kil\u00f3metros desde Padr\u00f3n con llegada a Santiago de Compostela.<\/p>\n","protected":false},"excerpt":{"rendered":"<p>Con el lema \u201cSal de tu tierra\u201d del 5 al 12 de agosto los j\u00f3venes de la Di\u00f3cesis caminar\u00e1n a Santiago guiados por el secretariado diocesano de Pastoral Juvenil.<\/p>\n","protected":false},"author":1,"featured_media":0,"comment_status":"closed","ping_status":"closed","sticky":false,"template":"","format":"standard","meta":{"footnotes":""},"categories":[32],"tags":[],"_links":{"self":[{"href":"https:\/\/diocesisplasencia.org\/hemeroteca\/wp-json\/wp\/v2\/posts\/5287"}],"collection":[{"href":"https:\/\/diocesisplasencia.org\/hemeroteca\/wp-json\/wp\/v2\/posts"}],"about":[{"href":"https:\/\/diocesisplasencia.org\/hemeroteca\/wp-json\/wp\/v2\/types\/post"}],"author":[{"embeddable":true,"href":"https:\/\/diocesisplasencia.org\/hemeroteca\/wp-json\/wp\/v2\/users\/1"}],"replies":[{"embeddable":true,"href":"https:\/\/diocesisplasencia.org\/hemeroteca\/wp-json\/wp\/v2\/comments?post=5287"}],"version-history":[{"count":0,"href":"https:\/\/diocesisplasencia.org\/hemeroteca\/wp-json\/wp\/v2\/posts\/5287\/revisions"}],"wp:attachment":[{"href":"https:\/\/diocesisplasencia.org\/hemeroteca\/wp-json\/wp\/v2\/media?parent=5287"}],"wp:term":[{"taxonomy":"category","embeddable":true,"href":"https:\/\/diocesisplasencia.org\/hemeroteca\/wp-json\/wp\/v2\/categories?post=5287"},{"taxonomy":"post_tag","embeddable":true,"href":"https:\/\/diocesisplasencia.org\/hemeroteca\/wp-json\/wp\/v2\/tags?post=5287"}],"curies":[{"name":"wp","href":"https:\/\/api.w.org\/{rel}","templated":true}]}}