{"id":5235,"date":"2018-06-25T12:11:00","date_gmt":"2018-06-25T10:11:00","guid":{"rendered":"http:\/\/www.diocesisplasencia.org\/w\/?p=5235"},"modified":"2018-06-25T12:11:00","modified_gmt":"2018-06-25T10:11:00","slug":"acto-a-favor-de-la-lucha-contra-la-droga","status":"publish","type":"post","link":"https:\/\/diocesisplasencia.org\/hemeroteca\/acto-a-favor-de-la-lucha-contra-la-droga\/","title":{"rendered":"Acto a favor de la lucha contra la droga"},"content":{"rendered":"<p><a href=\"http:\/\/www.elperiodicoextremadura.com\/noticias\/plasencia\/acto-favor-lucha-droga_1097798.html\" target=\"_blank\" rel=\"noopener noreferrer\">EL PERI\u00d3DICO EXTREMADURA 25-06-18<\/a><\/p>\n<p>Proyecto Hombre Extremadura celebrar\u00e1 ma\u00f1ana un acto en conmemoraci\u00f3n del D\u00eda Internacional de la Lucha contra el Uso Indebido y el Tr\u00e1fico Il\u00edcito de Drogas. Se celebrar\u00e1 en la Plaza Mayor a las doce del mediod\u00eda y se dar\u00e1n cita usuarios, familiares, voluntarios, terapeutas y todas las personas que se quieran sumar a esta iniciativa, seg\u00fan indic\u00f3 Sonia Eleno, directora de Proyecto Hombre Extremadura. Se leer\u00e1 un manifiesto, hablar\u00e1n algunas de las autoridades presentes y se repartir\u00e1n pines y caramelos.<\/p>\n","protected":false},"excerpt":{"rendered":"<p>EL PERI\u00d3DICO EXTREMADURA 25-06-18 Proyecto Hombre Extremadura celebrar\u00e1 ma\u00f1ana un acto en conmemoraci\u00f3n del D\u00eda Internacional de la Lucha contra el Uso Indebido y el Tr\u00e1fico Il\u00edcito de Drogas. Se celebrar\u00e1 en la Plaza Mayor a las doce del mediod\u00eda y se dar\u00e1n cita usuarios,&#8230;<\/p>\n","protected":false},"author":1,"featured_media":0,"comment_status":"closed","ping_status":"closed","sticky":false,"template":"","format":"standard","meta":{"footnotes":""},"categories":[42],"tags":[],"_links":{"self":[{"href":"https:\/\/diocesisplasencia.org\/hemeroteca\/wp-json\/wp\/v2\/posts\/5235"}],"collection":[{"href":"https:\/\/diocesisplasencia.org\/hemeroteca\/wp-json\/wp\/v2\/posts"}],"about":[{"href":"https:\/\/diocesisplasencia.org\/hemeroteca\/wp-json\/wp\/v2\/types\/post"}],"author":[{"embeddable":true,"href":"https:\/\/diocesisplasencia.org\/hemeroteca\/wp-json\/wp\/v2\/users\/1"}],"replies":[{"embeddable":true,"href":"https:\/\/diocesisplasencia.org\/hemeroteca\/wp-json\/wp\/v2\/comments?post=5235"}],"version-history":[{"count":0,"href":"https:\/\/diocesisplasencia.org\/hemeroteca\/wp-json\/wp\/v2\/posts\/5235\/revisions"}],"wp:attachment":[{"href":"https:\/\/diocesisplasencia.org\/hemeroteca\/wp-json\/wp\/v2\/media?parent=5235"}],"wp:term":[{"taxonomy":"category","embeddable":true,"href":"https:\/\/diocesisplasencia.org\/hemeroteca\/wp-json\/wp\/v2\/categories?post=5235"},{"taxonomy":"post_tag","embeddable":true,"href":"https:\/\/diocesisplasencia.org\/hemeroteca\/wp-json\/wp\/v2\/tags?post=5235"}],"curies":[{"name":"wp","href":"https:\/\/api.w.org\/{rel}","templated":true}]}}