{"id":5232,"date":"2018-06-24T12:10:00","date_gmt":"2018-06-24T10:10:00","guid":{"rendered":"http:\/\/www.diocesisplasencia.org\/w\/?p=5232"},"modified":"2018-06-24T12:10:00","modified_gmt":"2018-06-24T10:10:00","slug":"aniversario-de-la-ordenacin-del-obispo","status":"publish","type":"post","link":"https:\/\/diocesisplasencia.org\/hemeroteca\/aniversario-de-la-ordenacin-del-obispo\/","title":{"rendered":"Aniversario de la ordenaci\u00f3n del obispo"},"content":{"rendered":"<p><a href=\"http:\/\/www.hoy.es\/plasencia\/aniversario-ordenacion-obispo-20180624002859-ntvo.html\" target=\"_blank\" rel=\"noopener noreferrer\">DIARIO HOY 24-06-18<\/a><\/p>\n<p>La catedral de Plasencia acoge hoy domingo a las 12.00 horas una eucarist\u00eda de acci\u00f3n de gracias con motivo del primer aniversario de la ordenaci\u00f3n de Jos\u00e9 Luis Retana como obispo de Plasencia. Ese acto tuvo lugar tambi\u00e9n en la catedral el 24 de junio de 2017 con presencia de cientos de sacerdotes, una veintena de obispos y el presidente de la Conferencia Episcopal, Ricardo Bl\u00e1zquez.  <\/p>\n<p>Jos\u00e9 Luis Retana ha hecho p\u00fablicos esta semana diversos nombramientos en parroquias de la Di\u00f3cesis de Plasencia.<\/p>\n","protected":false},"excerpt":{"rendered":"<p>DIARIO HOY 24-06-18 La catedral de Plasencia acoge hoy domingo a las 12.00 horas una eucarist\u00eda de acci\u00f3n de gracias con motivo del primer aniversario de la ordenaci\u00f3n de Jos\u00e9 Luis Retana como obispo de Plasencia. Ese acto tuvo lugar tambi\u00e9n en la catedral el&#8230;<\/p>\n","protected":false},"author":1,"featured_media":0,"comment_status":"closed","ping_status":"closed","sticky":false,"template":"","format":"standard","meta":{"footnotes":""},"categories":[42],"tags":[],"_links":{"self":[{"href":"https:\/\/diocesisplasencia.org\/hemeroteca\/wp-json\/wp\/v2\/posts\/5232"}],"collection":[{"href":"https:\/\/diocesisplasencia.org\/hemeroteca\/wp-json\/wp\/v2\/posts"}],"about":[{"href":"https:\/\/diocesisplasencia.org\/hemeroteca\/wp-json\/wp\/v2\/types\/post"}],"author":[{"embeddable":true,"href":"https:\/\/diocesisplasencia.org\/hemeroteca\/wp-json\/wp\/v2\/users\/1"}],"replies":[{"embeddable":true,"href":"https:\/\/diocesisplasencia.org\/hemeroteca\/wp-json\/wp\/v2\/comments?post=5232"}],"version-history":[{"count":0,"href":"https:\/\/diocesisplasencia.org\/hemeroteca\/wp-json\/wp\/v2\/posts\/5232\/revisions"}],"wp:attachment":[{"href":"https:\/\/diocesisplasencia.org\/hemeroteca\/wp-json\/wp\/v2\/media?parent=5232"}],"wp:term":[{"taxonomy":"category","embeddable":true,"href":"https:\/\/diocesisplasencia.org\/hemeroteca\/wp-json\/wp\/v2\/categories?post=5232"},{"taxonomy":"post_tag","embeddable":true,"href":"https:\/\/diocesisplasencia.org\/hemeroteca\/wp-json\/wp\/v2\/tags?post=5232"}],"curies":[{"name":"wp","href":"https:\/\/api.w.org\/{rel}","templated":true}]}}