{"id":5222,"date":"2018-06-19T11:00:00","date_gmt":"2018-06-19T09:00:00","guid":{"rendered":"http:\/\/www.diocesisplasencia.org\/w\/?p=5222"},"modified":"2018-06-19T11:00:00","modified_gmt":"2018-06-19T09:00:00","slug":"convivencia-sacerdotal-anual-en-el-castaar","status":"publish","type":"post","link":"https:\/\/diocesisplasencia.org\/hemeroteca\/convivencia-sacerdotal-anual-en-el-castaar\/","title":{"rendered":"Convivencia sacerdotal anual en el Casta\u00f1ar"},"content":{"rendered":"<p><a href=\"http:\/\/www.diocesisplasencia.org\/w\/wp-content\/uploads\/2015\/Convivencia-sacerdotal-anual-en-el-Casta_C3ED\/convivencia_sacerdotal.jpg\"><img decoding=\"async\" style=\"background-image: none; border-bottom: 0px; border-left: 0px; margin: 0px auto; padding-left: 0px; padding-right: 0px; display: block; float: none; border-top: 0px; border-right: 0px; padding-top: 0px\" title=\"convivencia_sacerdotal\" border=\"0\" alt=\"convivencia_sacerdotal\" src=\"http:\/\/www.diocesisplasencia.org\/w\/wp-content\/uploads\/2015\/Convivencia-sacerdotal-anual-en-el-Casta_C3ED\/convivencia_sacerdotal_thumb.jpg\" width=\"244\" height=\"165\"><\/a> <\/p>\n<p>Los sacerdotes de la di\u00f3cesis est\u00e1n llamados a la participaci\u00f3n en la convivencia sacerdotal anual que cada a\u00f1o llevan a cabo por estas fechas y que organiza don Leopoldo Hueso Mu\u00f1oz, Vicario Episcopal para el Clero. En esta ocasi\u00f3n se dar\u00e1n cita los d\u00edas 25, 26 y 27 de junio en el santuario de la Virgen del Casta\u00f1ar de B\u00e9jar. <\/p>\n<p><!--more--><\/p>\n<p>&nbsp; <\/p>\n<p>Teniendo siempre presente la formaci\u00f3n, la oraci\u00f3n y la convivencia, durante estos d\u00edas los sacerdotes participantes profundizar\u00e1n en sus conocimientos sobre la cultura digital encuadrada en el marco de la Nueva Evangelizaci\u00f3n. Por la ma\u00f1ana se dar\u00e1n conferencias sobre temas como: el ministerio sacerdotal y el mundo digital e Internet como instrumento de evangelizaci\u00f3n, dirigidas por Jos\u00e9 Gabriel Vera, sacerdote y periodista, director del secretariado de la Comisi\u00f3n de Medios de Comunicaci\u00f3n Social de la Conferencia Episcopal Espa\u00f1ola. Por la tarde habr\u00e1 talleres pr\u00e1cticos sobre conocimiento y manejo de la web 2.0: Youtube, Facebook, Twitter, Instagram&#8230; asumido por el secretariado diocesano de Medios de Comunicaci\u00f3n Social y su responsable Raquel Molano.  <\/p>\n<p>Los tel\u00e9fonos para inscribirse en las jornadas son los siguientes: 606 21 56 57 (Carmen, El Casta\u00f1ar) y 923 40 07 05 Padres Teatinos. Las jornadas comienzan el d\u00eda 25 a las once de la ma\u00f1ana. Se aconseja llevar, Alba, estola y libro de Liturgia de las Horas. El d\u00eda 27 de junio se llevar\u00e1 a cabo una excursi\u00f3n a Ciudad Rodrigo.<\/p>\n","protected":false},"excerpt":{"rendered":"<p>Los sacerdotes de la di\u00f3cesis est\u00e1n llamados a la participaci\u00f3n en la convivencia sacerdotal anual que cada a\u00f1o llevan a cabo por estas fechas y que organiza don Leopoldo Hueso Mu\u00f1oz, Vicario Episcopal para el Clero. En esta ocasi\u00f3n se dar\u00e1n cita los d\u00edas 25,&#8230;<\/p>\n","protected":false},"author":1,"featured_media":0,"comment_status":"closed","ping_status":"closed","sticky":false,"template":"","format":"standard","meta":{"footnotes":""},"categories":[32],"tags":[],"_links":{"self":[{"href":"https:\/\/diocesisplasencia.org\/hemeroteca\/wp-json\/wp\/v2\/posts\/5222"}],"collection":[{"href":"https:\/\/diocesisplasencia.org\/hemeroteca\/wp-json\/wp\/v2\/posts"}],"about":[{"href":"https:\/\/diocesisplasencia.org\/hemeroteca\/wp-json\/wp\/v2\/types\/post"}],"author":[{"embeddable":true,"href":"https:\/\/diocesisplasencia.org\/hemeroteca\/wp-json\/wp\/v2\/users\/1"}],"replies":[{"embeddable":true,"href":"https:\/\/diocesisplasencia.org\/hemeroteca\/wp-json\/wp\/v2\/comments?post=5222"}],"version-history":[{"count":0,"href":"https:\/\/diocesisplasencia.org\/hemeroteca\/wp-json\/wp\/v2\/posts\/5222\/revisions"}],"wp:attachment":[{"href":"https:\/\/diocesisplasencia.org\/hemeroteca\/wp-json\/wp\/v2\/media?parent=5222"}],"wp:term":[{"taxonomy":"category","embeddable":true,"href":"https:\/\/diocesisplasencia.org\/hemeroteca\/wp-json\/wp\/v2\/categories?post=5222"},{"taxonomy":"post_tag","embeddable":true,"href":"https:\/\/diocesisplasencia.org\/hemeroteca\/wp-json\/wp\/v2\/tags?post=5222"}],"curies":[{"name":"wp","href":"https:\/\/api.w.org\/{rel}","templated":true}]}}