{"id":5216,"date":"2018-06-19T11:34:26","date_gmt":"2018-06-19T09:34:26","guid":{"rendered":"http:\/\/www.diocesisplasencia.org\/w\/?p=5216"},"modified":"2018-06-19T11:34:26","modified_gmt":"2018-06-19T09:34:26","slug":"nombramientos-diocesanos","status":"publish","type":"post","link":"https:\/\/diocesisplasencia.org\/hemeroteca\/nombramientos-diocesanos\/","title":{"rendered":"Nombramientos diocesanos"},"content":{"rendered":"<p><a href=\"http:\/\/www.diocesisplasencia.org\/w\/wp-content\/uploads\/2015\/2f3ea01ae4fe_A22A\/PALACIO-EPISCOPAL_ps-1024x1024.jpg\"><img fetchpriority=\"high\" decoding=\"async\" title=\"PALACIO-EPISCOPAL_ps-1024x1024\" style=\"border-left-width: 0px; border-right-width: 0px; background-image: none; border-bottom-width: 0px; padding-top: 0px; padding-left: 0px; display: inline; padding-right: 0px; border-top-width: 0px\" border=\"0\" alt=\"PALACIO-EPISCOPAL_ps-1024x1024\" src=\"http:\/\/www.diocesisplasencia.org\/w\/wp-content\/uploads\/2015\/2f3ea01ae4fe_A22A\/PALACIO-EPISCOPAL_ps-1024x1024_thumb.jpg\" width=\"244\" height=\"244\"><\/a><\/p>\n<p><b>Comunicaci\u00f3n del Sr. Obispo<\/b>  <\/p>\n<p>Cada a\u00f1o por estas fechas estamos metidos en la tarea de los cambios de sacerdotes dentro de nuestras comunidades cristianas y de las tareas de nuestra Iglesia diocesana.<\/p>\n<p><!--more-->Hay hermanos sacerdotes que fallecen, o que llegan al final de sus fuerzas por enfermedad o por edad, sacerdotes que personalmente piden cambiar, situaciones que conviene renovar (Personalmente prefiero afrontar las cosas y equivocarme). As\u00ed para algunos llega el tiempo de permutar su destino pastoral. No es, l\u00f3gicamente, un capricho, ni un premio, ni una penalizaci\u00f3n. Cada caso tiene numerosos perfiles, razones que a veces son complejas, o es sencillamente la necesidad de tener que ayudarnos mutuamente en el acompa\u00f1amiento a nuestro Pueblo de Dios que la Iglesia nos ha confiado.  <\/p>\n<p>&nbsp; <\/p>\n<p>Estoy agradecido de c\u00f3mo han acogido los sacerdotes los cambios propuestos en nuestra Di\u00f3cesis. Porque significa que se f\u00edan de Dios y se f\u00edan de la Iglesia. Ciertas novedades ponen a prueba nuestra fe, nuestra esperanza, nuestra capacidad de amar. Dios nos sorprende con situaciones que no ten\u00edamos previstas. Esa sorpresa puede servir para no dormirse, para volver a la brega, para llenarnos de una gracia que debemos pedir cada d\u00eda en la oraci\u00f3n: la disponibilidad total a la voluntad de Dios sobre nuestra vida.  <\/p>\n<p>Es hermoso, cuando no hay intereses mundanos, cuando no nos mueven las envidias, ni nos comparamos sinti\u00e9ndonos agraviados, cuando no estamos deseando que nadie nos toque y que nos dejen en paz. Tenemos sacerdotes que est\u00e1n dispuestos a ser verdaderos curas de almas que se dejan enviar por la Iglesia sin pasar factura de sus intereses, de sus a\u00f1os de servicio, de su posici\u00f3n o de su prestigio social. Tenemos muchos curas as\u00ed, que realmente se dejan la piel y entregan su vida generosamente. Son un regalo de Dios; Le doy gracias por estos curas que no parecen estar contrariados<a name=\"_GoBack\"><\/a> siempre, que no viven permanentemente defraudados, que son capaces de dar gracias humildemente por las cosas que Dios hace con ellos.  <\/p>\n<p>Agradezco tener sacerdotes fieles, que son sanamente cr\u00edticos pero que no se dedican a murmurar. Que su adhesi\u00f3n firme y sincera a Cristo es el secreto de su alegr\u00eda y la clave de su fecundidad pastoral. Estos son curas aut\u00e9nticamente j\u00f3venes, tengan la edad que tengan.  <\/p>\n<p>Con sincera gratitud, yo doy a todos los sacerdotes las gracias por su disponibilidad.  <\/p>\n<p>&nbsp;&nbsp;&nbsp;&nbsp;&nbsp;&nbsp;&nbsp;&nbsp;&nbsp;&nbsp;&nbsp;&nbsp;&nbsp;&nbsp;&nbsp;&nbsp;&nbsp;&nbsp;&nbsp;&nbsp;&nbsp;&nbsp;&nbsp;&nbsp;&nbsp;&nbsp;&nbsp;&nbsp;&nbsp;&nbsp;&nbsp;&nbsp;&nbsp;&nbsp;&nbsp;&nbsp;&nbsp;&nbsp;&nbsp;&nbsp;&nbsp;&nbsp;&nbsp;&nbsp;&nbsp;&nbsp;&nbsp;&nbsp;&nbsp;&nbsp;&nbsp;&nbsp;&nbsp;&nbsp;&nbsp;&nbsp;&nbsp;&nbsp;&nbsp;&nbsp;&nbsp;&nbsp;&nbsp;&nbsp;&nbsp;&nbsp;&nbsp;&nbsp;&nbsp;&nbsp;&nbsp;&nbsp; + Jos\u00e9 Luis Retana Gozalo  <\/p>\n<p>&nbsp;&nbsp;&nbsp;&nbsp;&nbsp;&nbsp;&nbsp;&nbsp;&nbsp;&nbsp;&nbsp;&nbsp;&nbsp;&nbsp;&nbsp;&nbsp;&nbsp;&nbsp;&nbsp;&nbsp;&nbsp;&nbsp;&nbsp;&nbsp;&nbsp;&nbsp;&nbsp;&nbsp;&nbsp;&nbsp;&nbsp;&nbsp;&nbsp;&nbsp;&nbsp;&nbsp;&nbsp;&nbsp;&nbsp;&nbsp;&nbsp;&nbsp;&nbsp;&nbsp;&nbsp;&nbsp;&nbsp;&nbsp;&nbsp;&nbsp;&nbsp;&nbsp;&nbsp;&nbsp;&nbsp;&nbsp;&nbsp;&nbsp;&nbsp;&nbsp;&nbsp;&nbsp;&nbsp;&nbsp;&nbsp;&nbsp;&nbsp;&nbsp;&nbsp;&nbsp;&nbsp;&nbsp;&nbsp;&nbsp;&nbsp;&nbsp;&nbsp;&nbsp;&nbsp;&nbsp;&nbsp; Obispo de Plasencia.  <\/p>\n<p><b><\/b>&nbsp; <\/p>\n<p><b>NOMBRAMIENTOS<\/b>  <\/p>\n<p>Bernab\u00e9 Marcos Marcos. P\u00e1rroco del Pilar y San Jos\u00e9 en B\u00e9jar y administrador parroquial de Ntra. Sra. del Consuelo en Palomares.  <\/p>\n<p>Francisco Eustaquio Barrado Broncano. P\u00e1rroco de San Miguel Arc\u00e1ngel de Cabezuela del Valle. Administrador parroquial de Ntra. Sra. de la Asunci\u00f3n de Navaconcejo.  <\/p>\n<p>Jos\u00e9 Montesino Manglano. P\u00e1rroco de las parroquias de Santa Mar\u00eda y San Gregorio de G\u00fcare\u00f1a.  <\/p>\n<p>Guillermo G\u00f3mez Ciurana. P\u00e1rroco de las Parroquias de San Andr\u00e9s Ap\u00f3stol y de Ntra. Sra. de las Angustias de Navalmoral de la Mata. Administrador parroquial de San Francisco de As\u00eds en Millanes.  <\/p>\n<p>Vladimir S\u00e1nchez Puerta. P\u00e1rroco de Santiago Ap\u00f3stol en Belv\u00eds de Monroy y Administrador parroquial de la Parroquia de San Bernando Abad en Casa de Belv\u00eds. Vicario Parroquial de las parroquias de San Andr\u00e9s Ap\u00f3stol y de Ntra. Sra. de las Angustias de Navalmoral de la Mata.  <\/p>\n<p>Jos\u00e9 Tom\u00e1s Rubio D\u00edaz. P\u00e1rroco de San Pedro Ap\u00f3stol en El Gordo y administrador parroquial de la parroquia de Ntra. Sra. Asunci\u00f3n en Berrocalejo. Vicario parroquial de las parroquias San Andr\u00e9s Ap\u00f3stol y de Ntra. Sra. de las Angustias de Navalmoral de la Mata.  <\/p>\n<p>Eugenio Albalate Gonzalo. P\u00e1rroco de las parroquias de Santa Mar\u00eda la Mayor, San Francisco y San Mart\u00edn de Tours de Trujillo. Administrador parroquial de Bel\u00e9n de Trujillo y Huertas de la Magdalena.  <\/p>\n<p>Jos\u00e9 Manuel Garc\u00eda Mart\u00edn. P\u00e1rroco de la Degollaci\u00f3n de San Juan Bautista en Ibahernando, vicario parroquial de las parroquias de Santa Mar\u00eda la Mayor, San Francisco y San Mart\u00edn de Tours de Trujillo.  <\/p>\n<p>Jos\u00e9 Mu\u00f1oz S\u00e1nchez. Administrador parroquial de San Pedro en Plasencia.  <\/p>\n<p>Jos\u00e9 Conde Mart\u00edn, P\u00e1rroco de Santa Marta de Magasca y administrador parroquial de Ntra. Sra. Asunci\u00f3n en Ruanes, capell\u00e1n del Monasterio de Santa Clara concepcionistas franciscanas  <\/p>\n<p>Alejandro Antonio Giraldo Herrera, P\u00e1rroco de S. Andr\u00e9s Ap\u00f3stol en Almaraz y administrador parroquial de las parroquias de San Sebasti\u00e1n en Campillo de Deleitosa, de San Fabi\u00e1n y Sebasti\u00e1n en Higuera de Albalat, de Santa Catalina Virgen y M\u00e1rtil en Romangordo, de Ntra. Sra. de la Asunci\u00f3n en Casas de Miravete.  <\/p>\n<p>Francisco Torres Ruiz. P\u00e1rroco de San Pedro Ap\u00f3stol de Aldeanueva de la Vera. Administrador parroquial de Ntra. Sra. del Socorro de Guijo de Santa B\u00e1rbara.  <\/p>\n<p>John Edward Trujillo R\u00edos, P\u00e1rroco de San Juan Evangelista de Deleitosa y administrador parroquial de Ntra. Sra. Asunci\u00f3n en Jaraicejo, San Blas en Robledollano y de Santa Mar\u00eda de las Pe\u00f1as en Caba\u00f1as del Castillo.  <\/p>\n<p>F\u00e9lix \u00c9lez Talav\u00e1n. P\u00e1rroco de Santiago Ap\u00f3stol en Peraleda de la Mata. Administrador parroquial de San Benito Abad en Mesas de Ibor y de San Antonio Abad en Fresnedoso de Ibor.  <\/p>\n<p>Sebasti\u00e1n Marian Pomper. P\u00e1rroco de San Pedro Ad Vincula en Casatejada. Administrador parroquial de San Juan Bautista en Saucedilla y de San Idelfonso en Serrej\u00f3n.  <\/p>\n<p>Francisco D\u00edaz Gonz\u00e1lez. P\u00e1rroco de Santa Teresa de Jes\u00fas en Palazuelo. Capell\u00e1n del Monasterio de Santa Teresa de Jes\u00fas de Carmelitas Descalzas en Don Benito.  <\/p>\n<p>Manuel Velarde Ruiz. P\u00e1rroco de la Parroquia de Santa Margarita de Mengabril. Capell\u00e1n del Hospital Don Benito-Villanueva.  <\/p>\n<p>Paul Alexander Gordillo Ramos. P\u00e1rroco de El Salvador de Majadas de Tietar. Administrador de la parroquia de San Blas en Toril.  <\/p>\n<p>Roberto Casillas Arriaga. Administrador parroquial de la de Ntra. Sra. de Guadalupe en Rosalejo.<\/p>\n","protected":false},"excerpt":{"rendered":"<p>Comunicaci\u00f3n del Sr. Obispo Cada a\u00f1o por estas fechas estamos metidos en la tarea de los cambios de sacerdotes dentro de nuestras comunidades cristianas y de las tareas de nuestra Iglesia diocesana.<\/p>\n","protected":false},"author":1,"featured_media":0,"comment_status":"closed","ping_status":"closed","sticky":false,"template":"","format":"standard","meta":{"footnotes":""},"categories":[32],"tags":[],"_links":{"self":[{"href":"https:\/\/diocesisplasencia.org\/hemeroteca\/wp-json\/wp\/v2\/posts\/5216"}],"collection":[{"href":"https:\/\/diocesisplasencia.org\/hemeroteca\/wp-json\/wp\/v2\/posts"}],"about":[{"href":"https:\/\/diocesisplasencia.org\/hemeroteca\/wp-json\/wp\/v2\/types\/post"}],"author":[{"embeddable":true,"href":"https:\/\/diocesisplasencia.org\/hemeroteca\/wp-json\/wp\/v2\/users\/1"}],"replies":[{"embeddable":true,"href":"https:\/\/diocesisplasencia.org\/hemeroteca\/wp-json\/wp\/v2\/comments?post=5216"}],"version-history":[{"count":0,"href":"https:\/\/diocesisplasencia.org\/hemeroteca\/wp-json\/wp\/v2\/posts\/5216\/revisions"}],"wp:attachment":[{"href":"https:\/\/diocesisplasencia.org\/hemeroteca\/wp-json\/wp\/v2\/media?parent=5216"}],"wp:term":[{"taxonomy":"category","embeddable":true,"href":"https:\/\/diocesisplasencia.org\/hemeroteca\/wp-json\/wp\/v2\/categories?post=5216"},{"taxonomy":"post_tag","embeddable":true,"href":"https:\/\/diocesisplasencia.org\/hemeroteca\/wp-json\/wp\/v2\/tags?post=5216"}],"curies":[{"name":"wp","href":"https:\/\/api.w.org\/{rel}","templated":true}]}}