{"id":5207,"date":"2018-06-08T13:33:49","date_gmt":"2018-06-08T11:33:49","guid":{"rendered":"http:\/\/www.diocesisplasencia.org\/w\/?p=5207"},"modified":"2018-06-08T13:33:49","modified_gmt":"2018-06-08T11:33:49","slug":"nuestro-seminarista-miguel-ngel-ser-admitido-a-rdenes-sagradas-este-domingo","status":"publish","type":"post","link":"https:\/\/diocesisplasencia.org\/hemeroteca\/nuestro-seminarista-miguel-ngel-ser-admitido-a-rdenes-sagradas-este-domingo\/","title":{"rendered":"Nuestro seminarista Miguel \u00c1ngel ser\u00e1 admitido a \u00f3rdenes sagradas este domingo"},"content":{"rendered":"<p><a href=\"http:\/\/www.diocesisplasencia.org\/w\/wp-content\/uploads\/2015\/Nuestro-seminarista-Miguel-ngel-Palacios_BC2C\/foto-1-pg-5.jpg\"><img decoding=\"async\" title=\"foto 1 p&aacute;g 5\" style=\"border-left-width: 0px; border-right-width: 0px; background-image: none; border-bottom-width: 0px; padding-top: 0px; padding-left: 0px; display: inline; padding-right: 0px; border-top-width: 0px\" border=\"0\" alt=\"foto 1 p&aacute;g 5\" src=\"http:\/\/www.diocesisplasencia.org\/w\/wp-content\/uploads\/2015\/Nuestro-seminarista-Miguel-ngel-Palacios_BC2C\/foto-1-pg-5_thumb.jpg\" width=\"244\" height=\"164\"><\/a><\/p>\n<p>Nuestro seminarista Miguel \u00c1ngel Palacios Pino ser\u00e1 admitido a las sagradas \u00f3rdenes este domingo d\u00eda 10 de junio.<\/p>\n<p><!--more--><\/p>\n<p>El rito de admisi\u00f3n ser\u00e1 presidido por nuestro obispo Don Jos\u00e9 Luis Retana, en la iglesia de Guadalupe de Miajadas, su pueblo natal, a la siete de la tarde. \u201cMe parec\u00eda bonito que fuera en mi pueblo, y as\u00ed se lo propuse al Se\u00f1or obispo cuando le hice la petici\u00f3n. All\u00ed est\u00e1 mi familia y fue tambi\u00e9n all\u00ed donde descubr\u00ed, siendo ni\u00f1o, que el Se\u00f1or me estaba llamando para una misi\u00f3n muy grande. Es dentro de la Iglesia donde el Se\u00f1or nos llama a algunos para desempe\u00f1ar el ministerio sacerdotal\u201d explicaba as\u00ed Miguel \u00c1ngel por qu\u00e9 ser\u00e1 en Miajadas.<\/p>\n<p>Miguel \u00c1ngel se siente ante este importante paso en su camino hacia el sacerdocio, \u201cBastante emocionado y feliz. Es la primera vez que en p\u00fablico y en el contexto de una celebraci\u00f3n pedir\u00e9 a la Iglesia que me admita como candidato para recibir en el futuro, el sacramento del orden sacerdotal. Consiste en la presentaci\u00f3n ante la comunidad y despu\u00e9s vienen dos preguntas que me har\u00e1 el obispo sobre si quiero terminar este periodo de preparaci\u00f3n para recibir m\u00e1s adelante el ministerio y si quiero formar mi esp\u00edritu para asemejarme fielmente cada d\u00eda m\u00e1s a Cristo. A ambas responder\u00e9 con el s\u00ed quiero, sabiendo que me pongo en disposici\u00f3n de la Iglesia para servir en aquello que me mande. Tras esto la comunidad en las peticiones pedir\u00e1 al Se\u00f1or la gracia de su bendici\u00f3n sobre m\u00ed para que finalmente el obispo me bendiga\u201d.<\/p>\n<p><strong>El Rito de Admisi\u00f3n<\/strong>  <\/p>\n<p>El Rito de Admisi\u00f3n a las Sagradas Ordenes es el primer paso hacia el sacerdocio. Se realiza dentro de una Eucarist\u00eda en la que el seminarista manifiesta p\u00fablicamente su intenci\u00f3n a responder a la llamada de Dios para ser sacerdote.  <\/p>\n<p>El Obispo, en presencia de la comunidad acepta su petici\u00f3n. De esta manera, el seminarista queda adem\u00e1s encomendado tanto al Obispo como al resto del pueblo de Dios, que cumplen el mandato del Se\u00f1or de orar por los trabajadores de la mies.  <\/p>\n<p>La Iglesia, como Madre, acoge la respuesta generosa de sus hijos que deciden&nbsp; entregarse al servicio de Dios y de los hombres, invit\u00e1ndoles tambi\u00e9n a continuar su preparaci\u00f3n para ser ordenado sacerdote.  <\/p>\n<p>Se trata por tanto de un doble S\u00cd: el seminarista, en medio de la Iglesia, responde p\u00fablicamente a la llamada de Dios y la Iglesia acepta su respuesta a la llamada y confirma su vocaci\u00f3n.<\/p>\n","protected":false},"excerpt":{"rendered":"<p>Nuestro seminarista Miguel \u00c1ngel Palacios Pino ser\u00e1 admitido a las sagradas \u00f3rdenes este domingo d\u00eda 10 de junio.<\/p>\n","protected":false},"author":1,"featured_media":0,"comment_status":"closed","ping_status":"closed","sticky":false,"template":"","format":"standard","meta":{"footnotes":""},"categories":[32],"tags":[],"_links":{"self":[{"href":"https:\/\/diocesisplasencia.org\/hemeroteca\/wp-json\/wp\/v2\/posts\/5207"}],"collection":[{"href":"https:\/\/diocesisplasencia.org\/hemeroteca\/wp-json\/wp\/v2\/posts"}],"about":[{"href":"https:\/\/diocesisplasencia.org\/hemeroteca\/wp-json\/wp\/v2\/types\/post"}],"author":[{"embeddable":true,"href":"https:\/\/diocesisplasencia.org\/hemeroteca\/wp-json\/wp\/v2\/users\/1"}],"replies":[{"embeddable":true,"href":"https:\/\/diocesisplasencia.org\/hemeroteca\/wp-json\/wp\/v2\/comments?post=5207"}],"version-history":[{"count":0,"href":"https:\/\/diocesisplasencia.org\/hemeroteca\/wp-json\/wp\/v2\/posts\/5207\/revisions"}],"wp:attachment":[{"href":"https:\/\/diocesisplasencia.org\/hemeroteca\/wp-json\/wp\/v2\/media?parent=5207"}],"wp:term":[{"taxonomy":"category","embeddable":true,"href":"https:\/\/diocesisplasencia.org\/hemeroteca\/wp-json\/wp\/v2\/categories?post=5207"},{"taxonomy":"post_tag","embeddable":true,"href":"https:\/\/diocesisplasencia.org\/hemeroteca\/wp-json\/wp\/v2\/tags?post=5207"}],"curies":[{"name":"wp","href":"https:\/\/api.w.org\/{rel}","templated":true}]}}