{"id":5177,"date":"2018-05-24T13:02:56","date_gmt":"2018-05-24T11:02:56","guid":{"rendered":"http:\/\/www.diocesisplasencia.org\/w\/?p=5177"},"modified":"2018-05-24T13:02:56","modified_gmt":"2018-05-24T11:02:56","slug":"celebracin-del-corpus-christi-4","status":"publish","type":"post","link":"https:\/\/diocesisplasencia.org\/hemeroteca\/celebracin-del-corpus-christi-4\/","title":{"rendered":"Celebraci\u00f3n del Corpus Christi"},"content":{"rendered":"<p><a href=\"http:\/\/www.diocesisplasencia.org\/w\/wp-content\/uploads\/2015\/Celebracin-del-Corpus-Christi_B6FF\/image.png\"><img decoding=\"async\" title=\"image\" style=\"border-left-width: 0px; border-right-width: 0px; background-image: none; border-bottom-width: 0px; padding-top: 0px; padding-left: 0px; margin: 0px; display: inline; padding-right: 0px; border-top-width: 0px\" border=\"0\" alt=\"image\" src=\"http:\/\/www.diocesisplasencia.org\/w\/wp-content\/uploads\/2015\/Celebracin-del-Corpus-Christi_B6FF\/image_thumb.png\" width=\"244\" height=\"164\"><\/a><\/p>\n<p>El domingo d\u00eda 3 de junio se celebra la <em><b>Solemnidad del Sant\u00edsimo Cuerpo y Sangre de Cristo&nbsp; \u201cCorpus Christi\u201d<\/b><\/em> , en la que el pueblo de Dios, sacerdotes y laicos, est\u00e1n&nbsp; llamados a manifestar&nbsp; su&nbsp; fe y amor a la Eucarist\u00eda, dando signos de unidad y fraternidad; en concreto, en la celebraci\u00f3n de la Santa Misa y en la procesi\u00f3n subsiguiente.<\/p>\n<p><!--more--><\/p>\n<p>Como cada a\u00f1o en la ciudad de Plasencia, habr\u00e1 una <b><i>Misa&nbsp; Solemne a las 11.00 h presidida por el Se\u00f1or Obispo, Monse\u00f1or Jos\u00e9 Luis Retana Gozalo<\/i><\/b>. Tras la misa se llevar\u00e1 a cabo la procesi\u00f3n del Sant\u00edsimo en la que participar\u00e1n los ni\u00f1os de Primera Comuni\u00f3n, catequistas, cofrad\u00edas, hospitalidad de Lourdes, Adoraci\u00f3n Nocturna masculina y femenina, C\u00e1ritas, religiosas y sacerdotes.&nbsp; <\/p>\n<p><a href=\"http:\/\/www.diocesisplasencia.org\/w\/wp-content\/uploads\/2015\/Celebracin-del-Corpus-Christi_B6FF\/image_3.png\"><img decoding=\"async\" title=\"image\" style=\"border-left-width: 0px; border-right-width: 0px; background-image: none; border-bottom-width: 0px; padding-top: 0px; padding-left: 0px; margin: 0px; display: inline; padding-right: 0px; border-top-width: 0px\" border=\"0\" alt=\"image\" src=\"http:\/\/www.diocesisplasencia.org\/w\/wp-content\/uploads\/2015\/Celebracin-del-Corpus-Christi_B6FF\/image_thumb_3.png\" width=\"244\" height=\"164\"><\/a>  <\/p>\n<p>Como es tradici\u00f3n <b>el recorrido<\/b> ser\u00e1 desde la plaza de la catedral, calle Blanca, plaza de san&nbsp; Nicol\u00e1s, calle Zapater\u00eda, plaza (por abajo) San Esteban, catedral.&nbsp; En San Nicol\u00e1s se llevar\u00e1 a cabo una parada para la oraci\u00f3n y a lo largo del recorrido habr\u00e1 colocados varios altares. En la puerta del Seminario se realizar\u00e1 otra parada para rezar por las vocaciones. En el interior de la catedral, tras la procesi\u00f3n, se ofrecer\u00e1 la Bendici\u00f3n con el Sant\u00edsimo y se celebrar\u00e1 misa. Por la tarde a las 17.00 horas exposici\u00f3n del Sant\u00edsimo, a las 19.00 horas rezo de v\u00edsperas y a las 19.00 horas reserva.  <\/p>\n<p>El s\u00e1bado 2 de 22.00 a 0.00 horas exposici\u00f3n del Sant\u00edsimo en la catedral de Santa Mar\u00eda, organizada por Adoraci\u00f3n Nocturna y el Cabildo Catedralicio.<\/p>\n","protected":false},"excerpt":{"rendered":"<p>El domingo d\u00eda 3 de junio se celebra la Solemnidad del Sant\u00edsimo Cuerpo y Sangre de Cristo&nbsp; \u201cCorpus Christi\u201d , en la que el pueblo de Dios, sacerdotes y laicos, est\u00e1n&nbsp; llamados a manifestar&nbsp; su&nbsp; fe y amor a la Eucarist\u00eda, dando signos de unidad&#8230;<\/p>\n","protected":false},"author":1,"featured_media":0,"comment_status":"closed","ping_status":"closed","sticky":false,"template":"","format":"standard","meta":{"footnotes":""},"categories":[32],"tags":[],"_links":{"self":[{"href":"https:\/\/diocesisplasencia.org\/hemeroteca\/wp-json\/wp\/v2\/posts\/5177"}],"collection":[{"href":"https:\/\/diocesisplasencia.org\/hemeroteca\/wp-json\/wp\/v2\/posts"}],"about":[{"href":"https:\/\/diocesisplasencia.org\/hemeroteca\/wp-json\/wp\/v2\/types\/post"}],"author":[{"embeddable":true,"href":"https:\/\/diocesisplasencia.org\/hemeroteca\/wp-json\/wp\/v2\/users\/1"}],"replies":[{"embeddable":true,"href":"https:\/\/diocesisplasencia.org\/hemeroteca\/wp-json\/wp\/v2\/comments?post=5177"}],"version-history":[{"count":0,"href":"https:\/\/diocesisplasencia.org\/hemeroteca\/wp-json\/wp\/v2\/posts\/5177\/revisions"}],"wp:attachment":[{"href":"https:\/\/diocesisplasencia.org\/hemeroteca\/wp-json\/wp\/v2\/media?parent=5177"}],"wp:term":[{"taxonomy":"category","embeddable":true,"href":"https:\/\/diocesisplasencia.org\/hemeroteca\/wp-json\/wp\/v2\/categories?post=5177"},{"taxonomy":"post_tag","embeddable":true,"href":"https:\/\/diocesisplasencia.org\/hemeroteca\/wp-json\/wp\/v2\/tags?post=5177"}],"curies":[{"name":"wp","href":"https:\/\/api.w.org\/{rel}","templated":true}]}}