{"id":5159,"date":"2018-05-14T09:06:00","date_gmt":"2018-05-14T07:06:00","guid":{"rendered":"http:\/\/www.diocesisplasencia.org\/w\/?p=5159"},"modified":"2018-05-14T09:06:00","modified_gmt":"2018-05-14T07:06:00","slug":"charla-sobre-la-accin-social-de-la-iglesia","status":"publish","type":"post","link":"https:\/\/diocesisplasencia.org\/hemeroteca\/charla-sobre-la-accin-social-de-la-iglesia\/","title":{"rendered":"Charla sobre la acci\u00f3n social de la iglesia"},"content":{"rendered":"<p><a href=\"http:\/\/www.hoy.es\/plasencia\/charla-sobre-accion-20180514002815-ntvo.html\" target=\"_blank\" rel=\"noopener noreferrer\">DIARIO HOY 14-05-18<\/a><\/p>\n<p>a sala de b\u00f3vedas del Seminario Diocesano acoge hoy a las 20.00 horas una conferencia del profesor e investigador Fernando Flores del Manzano titulada &#8216;La acci\u00f3n social de la iglesia placentina en el primer tercio del siglo XX&#8217;. La actividad forma parte del ciclo Lunes Investiga, que organiza el Obispado de Plasencia en colaboraci\u00f3n con el Cabildo Catedralicio y el Seminario, con charlas orientadas al conocimiento de las nuevas l\u00edneas de investigaci\u00f3n documental llevadas a cabo tanto por j\u00f3venes investigadores, como por expertos ya acreditados.<\/p>\n","protected":false},"excerpt":{"rendered":"<p>DIARIO HOY 14-05-18 a sala de b\u00f3vedas del Seminario Diocesano acoge hoy a las 20.00 horas una conferencia del profesor e investigador Fernando Flores del Manzano titulada &#8216;La acci\u00f3n social de la iglesia placentina en el primer tercio del siglo XX&#8217;. La actividad forma parte&#8230;<\/p>\n","protected":false},"author":1,"featured_media":0,"comment_status":"closed","ping_status":"closed","sticky":false,"template":"","format":"standard","meta":{"footnotes":""},"categories":[42],"tags":[],"_links":{"self":[{"href":"https:\/\/diocesisplasencia.org\/hemeroteca\/wp-json\/wp\/v2\/posts\/5159"}],"collection":[{"href":"https:\/\/diocesisplasencia.org\/hemeroteca\/wp-json\/wp\/v2\/posts"}],"about":[{"href":"https:\/\/diocesisplasencia.org\/hemeroteca\/wp-json\/wp\/v2\/types\/post"}],"author":[{"embeddable":true,"href":"https:\/\/diocesisplasencia.org\/hemeroteca\/wp-json\/wp\/v2\/users\/1"}],"replies":[{"embeddable":true,"href":"https:\/\/diocesisplasencia.org\/hemeroteca\/wp-json\/wp\/v2\/comments?post=5159"}],"version-history":[{"count":0,"href":"https:\/\/diocesisplasencia.org\/hemeroteca\/wp-json\/wp\/v2\/posts\/5159\/revisions"}],"wp:attachment":[{"href":"https:\/\/diocesisplasencia.org\/hemeroteca\/wp-json\/wp\/v2\/media?parent=5159"}],"wp:term":[{"taxonomy":"category","embeddable":true,"href":"https:\/\/diocesisplasencia.org\/hemeroteca\/wp-json\/wp\/v2\/categories?post=5159"},{"taxonomy":"post_tag","embeddable":true,"href":"https:\/\/diocesisplasencia.org\/hemeroteca\/wp-json\/wp\/v2\/tags?post=5159"}],"curies":[{"name":"wp","href":"https:\/\/api.w.org\/{rel}","templated":true}]}}