{"id":5095,"date":"2018-04-12T12:53:35","date_gmt":"2018-04-12T10:53:35","guid":{"rendered":"http:\/\/www.diocesisplasencia.org\/w\/?p=5095"},"modified":"2018-04-12T12:53:35","modified_gmt":"2018-04-12T10:53:35","slug":"fin-de-semana-solidario-en-nuestra-dicesis","status":"publish","type":"post","link":"https:\/\/diocesisplasencia.org\/hemeroteca\/fin-de-semana-solidario-en-nuestra-dicesis\/","title":{"rendered":"Fin de semana solidario en nuestra di\u00f3cesis"},"content":{"rendered":"<p><a href=\"http:\/\/www.diocesisplasencia.org\/w\/wp-content\/uploads\/2015\/Fi_8C15\/13268082_1740655679507381_6566022781135032717_o.jpg\"><img decoding=\"async\" title=\"13268082_1740655679507381_6566022781135032717_o\" style=\"border-left-width: 0px; border-right-width: 0px; background-image: none; border-bottom-width: 0px; padding-top: 0px; padding-left: 0px; display: inline; padding-right: 0px; border-top-width: 0px\" border=\"0\" alt=\"13268082_1740655679507381_6566022781135032717_o\" src=\"http:\/\/www.diocesisplasencia.org\/w\/wp-content\/uploads\/2015\/Fi_8C15\/13268082_1740655679507381_6566022781135032717_o_thumb.jpg\" width=\"163\" height=\"244\"><\/a><\/p>\n<p>&nbsp;<\/p>\n<p>La Iglesia celebra la Jornada por la Vida y el secretariado diocesano de Pastoral Familiar ha llevado a cabo, por este motivo, una serie de actos. El <strong>domingo 15 de abril<\/strong> con un <strong>Mercadillo Solidario<\/strong>, a favor del Servicio Diocesano de Ayuda a la Vida, de 12 a 14 horas, en la Iglesia del Salvador de Plasencia, pondr\u00e1 el broche final a esta campa\u00f1a.<\/p>\n<p><!--more--><\/p>\n<p>El donativo para colaborar en el mercadillo, ser\u00e1 de un euro, \u201cestamos en operaci\u00f3n POTITO, un art\u00edculo por un potito o un euro\u201d explica Soraya Salgado del secretariado de Pastoral Familiar. Adem\u00e1s los que no puedan asistir al mercadillo, pueden adquirir todos estos art\u00edculos solidarios, durante todo el a\u00f1o, en las siguientes empresas placentinas colaboradoras: Boss, Sanesco, Brifit, Cl\u00ednica Podol\u00f3gica Placentina y \u00d3ptica D\u00edaz.  <\/p>\n<p><a href=\"http:\/\/www.diocesisplasencia.org\/w\/wp-content\/uploads\/2015\/Fi_8C15\/IMG-20180402-WA0010.jpg\"><img decoding=\"async\" title=\"IMG-20180402-WA0010\" style=\"border-left-width: 0px; border-right-width: 0px; background-image: none; border-bottom-width: 0px; padding-top: 0px; padding-left: 0px; display: inline; padding-right: 0px; border-top-width: 0px\" border=\"0\" alt=\"IMG-20180402-WA0010\" src=\"http:\/\/www.diocesisplasencia.org\/w\/wp-content\/uploads\/2015\/Fi_8C15\/IMG-20180402-WA0010_thumb.jpg\" width=\"187\" height=\"244\"><\/a>  <\/p>\n<p>Tambi\u00e9n el domingo <strong>15 de abril<\/strong> la iglesia placentina de Santa Mar\u00eda de la Esperanza, <strong>tapea<\/strong> un a\u00f1o m\u00e1s <strong>por Zimbabwe<\/strong>. Despu\u00e9s de la misa de 12, junto a las escaleras de acceso a la iglesia, se instalar\u00e1n las mesas para el tapeo. Por un 1.50 euros, los participantes conseguir\u00e1n bebida y tapa. Con la recaudaci\u00f3n obtenida se llevar\u00e1 a cabo la reconstrucci\u00f3n de una escuela, construcci\u00f3n de un pozo de agua, ayuda m\u00e9dica y alimentaci\u00f3n, en la parroquia hermanada con Santa Mar\u00eda de la Esperanza,&nbsp; \u201cSan Mart\u00edn de Porres\u201d de Zimbabwe.  <\/p>\n<p>El <strong>Teatro Imperial de Don Benito<\/strong>, acoge el <strong>14 de abril<\/strong>, a partir de las 19.00 horas, el Festival Solidario<strong> Festisol<\/strong>. Por tan s\u00f3lo un donativo de cuatro euros, se podr\u00e1 disfrutar con las actuaciones de: &#8216;Drolu, el Mago&#8217;, Descartados, Esencia Ac\u00fastica, Rub\u00e9n Gallego y la Escuela de baile Aire Flamenco de Rosa Laura Izquierdo. Adem\u00e1s se proyectar\u00e1 un v\u00eddeo de divulgaci\u00f3n sobre Proclade B\u00e9tica y su labor, ONG para el desarrollo, organizadora del festival y vinculada a los Misioneros Claretianos.  <\/p>\n<p><a href=\"http:\/\/www.diocesisplasencia.org\/w\/wp-content\/uploads\/2015\/Fi_8C15\/29872745_1229697413828232_5543457191495539056_o.jpg\"><img decoding=\"async\" title=\"29872745_1229697413828232_5543457191495539056_o\" style=\"border-left-width: 0px; border-right-width: 0px; background-image: none; border-bottom-width: 0px; padding-top: 0px; padding-left: 0px; display: inline; padding-right: 0px; border-top-width: 0px\" border=\"0\" alt=\"29872745_1229697413828232_5543457191495539056_o\" src=\"http:\/\/www.diocesisplasencia.org\/w\/wp-content\/uploads\/2015\/Fi_8C15\/29872745_1229697413828232_5543457191495539056_o_thumb.jpg\" width=\"174\" height=\"244\"><\/a><\/p>\n","protected":false},"excerpt":{"rendered":"<p>&nbsp; La Iglesia celebra la Jornada por la Vida y el secretariado diocesano de Pastoral Familiar ha llevado a cabo, por este motivo, una serie de actos. El domingo 15 de abril con un Mercadillo Solidario, a favor del Servicio Diocesano de Ayuda a la&#8230;<\/p>\n","protected":false},"author":1,"featured_media":0,"comment_status":"closed","ping_status":"closed","sticky":false,"template":"","format":"standard","meta":{"footnotes":""},"categories":[32],"tags":[],"_links":{"self":[{"href":"https:\/\/diocesisplasencia.org\/hemeroteca\/wp-json\/wp\/v2\/posts\/5095"}],"collection":[{"href":"https:\/\/diocesisplasencia.org\/hemeroteca\/wp-json\/wp\/v2\/posts"}],"about":[{"href":"https:\/\/diocesisplasencia.org\/hemeroteca\/wp-json\/wp\/v2\/types\/post"}],"author":[{"embeddable":true,"href":"https:\/\/diocesisplasencia.org\/hemeroteca\/wp-json\/wp\/v2\/users\/1"}],"replies":[{"embeddable":true,"href":"https:\/\/diocesisplasencia.org\/hemeroteca\/wp-json\/wp\/v2\/comments?post=5095"}],"version-history":[{"count":0,"href":"https:\/\/diocesisplasencia.org\/hemeroteca\/wp-json\/wp\/v2\/posts\/5095\/revisions"}],"wp:attachment":[{"href":"https:\/\/diocesisplasencia.org\/hemeroteca\/wp-json\/wp\/v2\/media?parent=5095"}],"wp:term":[{"taxonomy":"category","embeddable":true,"href":"https:\/\/diocesisplasencia.org\/hemeroteca\/wp-json\/wp\/v2\/categories?post=5095"},{"taxonomy":"post_tag","embeddable":true,"href":"https:\/\/diocesisplasencia.org\/hemeroteca\/wp-json\/wp\/v2\/tags?post=5095"}],"curies":[{"name":"wp","href":"https:\/\/api.w.org\/{rel}","templated":true}]}}