{"id":5073,"date":"2018-04-04T13:20:35","date_gmt":"2018-04-04T11:20:35","guid":{"rendered":"http:\/\/www.diocesisplasencia.org\/w\/?p=5073"},"modified":"2018-04-04T13:20:35","modified_gmt":"2018-04-04T11:20:35","slug":"enlzate-por-la-justicia-llega-a-la-dicesis-de-plasencia","status":"publish","type":"post","link":"https:\/\/diocesisplasencia.org\/hemeroteca\/enlzate-por-la-justicia-llega-a-la-dicesis-de-plasencia\/","title":{"rendered":"\u201cEnl\u00e1zate por la Justicia\u201d llega a la di\u00f3cesis de Plasencia"},"content":{"rendered":"<p><a href=\"http:\/\/www.diocesisplasencia.org\/w\/wp-content\/uploads\/2015\/Enlzate-por-la-Justicia-llega-a-la-dices_BAFA\/foto-2-pg-6.jpg\"><img decoding=\"async\" title=\"foto 2 p&aacute;g 6\" style=\"border-left-width: 0px; border-right-width: 0px; background-image: none; border-bottom-width: 0px; padding-top: 0px; padding-left: 0px; display: inline; padding-right: 0px; border-top-width: 0px\" border=\"0\" alt=\"foto 2 p&aacute;g 6\" src=\"http:\/\/www.diocesisplasencia.org\/w\/wp-content\/uploads\/2015\/Enlzate-por-la-Justicia-llega-a-la-dices_BAFA\/foto-2-pg-6_thumb.jpg\" width=\"244\" height=\"96\"><\/a><\/p>\n<p>Desde el a\u00f1o 2012, diversas entidades de la Iglesia Cat\u00f3lica en Espa\u00f1a, dedicadas a la Cooperaci\u00f3n Internacional, venimos sumando esfuerzos para liderar una estrategia conjunta de presencia p\u00fablica orientada a promover un modelo alternativo de desarrollo en el que las personas empobrecidas sean las protagonistas. A esta iniciativa la hemos llamado<br \/>Enl\u00e1zate por la Justicia. <\/p>\n<p><!--more--><\/p>\n<p>En Plasencia, este grupo est\u00e1 formado por C\u00e1ritas, CONFER, Manos Unidas y Delegaci\u00f3n de Misiones. Nuestros objetivos: 1. Animar y sensibilizar a la comunidad cristiana en la construcci\u00f3n de una ciudadan\u00eda consciente del cuidado del planeta.<br \/>2. Ser voz y canal de denuncia del deterioro de la Naturaleza.<br \/>3. Consolidar el trabajo entre las entidades que trabajamos la Cooperaci\u00f3n para el Desarrollo en Plasencia.<\/p>\n<p>\u00bfExisten realmente problemas ambientales? \u00bfson tan importantes? \u00bfest\u00e1n relacionados con la pobreza y la desigualdad? \u00bfqu\u00e9 tiene que ver todo ello con nosotros, con nuestros modos de vida, con nuestra fe?<br \/>El Papa Francisco, en la Enc\u00edclica \u201cLaudato Si\u201d, responde a estas cuestiones con una invitaci\u00f3n a reflexionar y participar en una aut\u00e9ntica ecolog\u00eda humana (LS 5), porque \u201cno hay dos crisis separadas, una ambiental y otra social, sino una sola y compleja crisis socio-ambiental\u201d (LS 139). <\/p>\n<p><a href=\"http:\/\/www.diocesisplasencia.org\/w\/wp-content\/uploads\/2015\/Enlzate-por-la-Justicia-llega-a-la-dices_BAFA\/foto-3-pg-6.jpg\"><img decoding=\"async\" title=\"foto 3 p&aacute;g 6\" style=\"border-left-width: 0px; border-right-width: 0px; background-image: none; border-bottom-width: 0px; padding-top: 0px; padding-left: 0px; display: inline; padding-right: 0px; border-top-width: 0px\" border=\"0\" alt=\"foto 3 p&aacute;g 6\" src=\"http:\/\/www.diocesisplasencia.org\/w\/wp-content\/uploads\/2015\/Enlzate-por-la-Justicia-llega-a-la-dices_BAFA\/foto-3-pg-6_thumb.jpg\" width=\"244\" height=\"41\"><\/a><\/p>\n<p>El gran desaf\u00edo es responder a la crisis econ\u00f3mica, social y ambiental que hoy amenaza al planeta y a la humanidad; donde los pobres son las principales v\u00edctimas. Nos llama a \u201cEscuchar tanto el clamor de la tierra como el clamor de los pobres\u201d (LS 49) Desde Enl\u00e1zate por la Justicia nos queremos sumar a esta llamada y a esta tarea con la campa\u00f1a \u201cSi cuidas el planeta, combates la pobreza\u201d, centrada en el cuidado de la Creaci\u00f3n. Como parte de la misma, utilizamos un dec\u00e1logo inspirado en la Enc\u00edclica \u201cLaudato Si\u201d, que resume los retos fundamentales a los que nos enfrentamos.<\/p>\n<p>En los pr\u00f3ximos n\u00fameros de \u201cIglesia en Plasencia\u201d presentaremos cada uno de estos principios, os invitamos a participar en esta reflexi\u00f3n. Para m\u00e1s informaci\u00f3n visita: <a href=\"http:\/\/www.enlazateporlajusticia.org\">www.enlazateporlajusticia.org<\/a><\/p>\n","protected":false},"excerpt":{"rendered":"<p>Desde el a\u00f1o 2012, diversas entidades de la Iglesia Cat\u00f3lica en Espa\u00f1a, dedicadas a la Cooperaci\u00f3n Internacional, venimos sumando esfuerzos para liderar una estrategia conjunta de presencia p\u00fablica orientada a promover un modelo alternativo de desarrollo en el que las personas empobrecidas sean las protagonistas&#8230;.<\/p>\n","protected":false},"author":1,"featured_media":0,"comment_status":"closed","ping_status":"closed","sticky":false,"template":"","format":"standard","meta":{"footnotes":""},"categories":[32],"tags":[],"_links":{"self":[{"href":"https:\/\/diocesisplasencia.org\/hemeroteca\/wp-json\/wp\/v2\/posts\/5073"}],"collection":[{"href":"https:\/\/diocesisplasencia.org\/hemeroteca\/wp-json\/wp\/v2\/posts"}],"about":[{"href":"https:\/\/diocesisplasencia.org\/hemeroteca\/wp-json\/wp\/v2\/types\/post"}],"author":[{"embeddable":true,"href":"https:\/\/diocesisplasencia.org\/hemeroteca\/wp-json\/wp\/v2\/users\/1"}],"replies":[{"embeddable":true,"href":"https:\/\/diocesisplasencia.org\/hemeroteca\/wp-json\/wp\/v2\/comments?post=5073"}],"version-history":[{"count":0,"href":"https:\/\/diocesisplasencia.org\/hemeroteca\/wp-json\/wp\/v2\/posts\/5073\/revisions"}],"wp:attachment":[{"href":"https:\/\/diocesisplasencia.org\/hemeroteca\/wp-json\/wp\/v2\/media?parent=5073"}],"wp:term":[{"taxonomy":"category","embeddable":true,"href":"https:\/\/diocesisplasencia.org\/hemeroteca\/wp-json\/wp\/v2\/categories?post=5073"},{"taxonomy":"post_tag","embeddable":true,"href":"https:\/\/diocesisplasencia.org\/hemeroteca\/wp-json\/wp\/v2\/tags?post=5073"}],"curies":[{"name":"wp","href":"https:\/\/api.w.org\/{rel}","templated":true}]}}