{"id":5063,"date":"2018-03-27T11:47:00","date_gmt":"2018-03-27T09:47:00","guid":{"rendered":"http:\/\/www.diocesisplasencia.org\/w\/?p=5063"},"modified":"2018-03-27T11:47:00","modified_gmt":"2018-03-27T09:47:00","slug":"guadalupe-rumbo-al-vaticano","status":"publish","type":"post","link":"https:\/\/diocesisplasencia.org\/hemeroteca\/guadalupe-rumbo-al-vaticano\/","title":{"rendered":"Guadalupe rumbo al Vaticano"},"content":{"rendered":"<p><a href=\"http:\/\/www.elperiodicoextremadura.com\/noticias\/extremadura\/guadalupe-rumbo-vaticano_1080309.html\" target=\"_blank\" rel=\"noopener noreferrer\">EL PERI\u00d3DICO EXTREMADURA 27-03-18<\/a><\/p>\n<p>El Monasterio de Guadalupe pertenece a la Iglesia de Toledo desde hace casi ocho siglos. De eso, b\u00e1sicamente, se valen en aquella provincia eclesi\u00e1stica para dejar las cosas como est\u00e1n y seguir postergando el movimiento que desde hace d\u00e9cadas viene reclamando su integraci\u00f3n en una de las tres di\u00f3cesis extreme\u00f1as. \u00abEl statu quo tiene mucha fuerza y es dif\u00edcil de mover\u00bb, reconoce el arzobispo de M\u00e9rida-Badajoz, Celso Morga. A\u00fan sabiendo que no est\u00e1 siendo f\u00e1cil ni lo ser\u00e1, la lucha de Extremadura para que el monasterio que cobija a su patrona, y que es se\u00f1a de la identidad extreme\u00f1a, pase a formar parte del suelo sobre el que se asienta, no cesa.<\/p>\n<p><!--more--><\/p>\n<p><p>La \u00faltima acci\u00f3n propuesta para intentar una soluci\u00f3n es crear una comisi\u00f3n de estudio que analice el conflicto existente. En una parte estar\u00edan las tres di\u00f3cesis extreme\u00f1as y en la otra la Santa Sede, a trav\u00e9s de la Congregaci\u00f3n de los Obispos. Desde el Vaticano, apunt\u00f3 ayer el arzobispo pacense, \u00abhay buena disposici\u00f3n\u00bb. \u00abQueremos que se establezca esa comisi\u00f3n que estudie esto desde el punto de vista hist\u00f3rico y de discusi\u00f3n\u00bb, se\u00f1al\u00f3 Celso Morga durante una entrevista ayer en la radio p\u00fablica extreme\u00f1a. <\/p>\n<p>\u00abNosotros desde Extremadura lo vemos muy claro\u00bb, pero desde otras instancias no lo tienen tanto. \u00abSon muchos siglos de historia los que lleva perteneciendo a Toledo y, claro, es dif\u00edcil de mover\u00bb, explic\u00f3 el arzobispo. De momento, Celso Morga se conformar\u00eda ahora mismo con que se creara esa comisi\u00f3n de estudios \u00abque estuviera dispuesta a hablar de este problema. S\u00e9 que hay disposici\u00f3n de la Santa Sede para ello\u00bb, reconoci\u00f3. <\/p>\n<p>De momento, la propuesta no se ha materializado todav\u00eda, pero la idea, seg\u00fan explican desde el arzobispado, se ha lanzado a la Congregaci\u00f3n para los Obispos, la agrupaci\u00f3n de la Curia Romana que, entre otras cosas, realiza la selecci\u00f3n de los nuevos obispos antes de la aprobaci\u00f3n papal. <\/p>\n<p>\u00abHace tiempo que los obispos extreme\u00f1os intentan que el problema llegue directamente al Papa, si lo supiera ya lo habr\u00eda zanjado\u00bb, se\u00f1ala Francisco G\u00f3mez Bueno, presidente de la Asociaci\u00f3n Guadalupex, que se muestra satisfecho con cualquier acci\u00f3n que contribuya a que Guadalupe pase a una jurisdicci\u00f3n eclesi\u00e1stica extreme\u00f1a. G\u00f3mez Bueno insiste en que la primac\u00eda de la di\u00f3cesis de Toledo sobre el resto de las sedes episcopales de Espa\u00f1a es una figura simb\u00f3lica y que de esta se han separado ya otros muchos pueblos y di\u00f3cesis como Albacete o Guadalajara, \u00ablo \u00fanico que queda all\u00ed es Guadalupe y no tiene sentido, es inconcebible\u00bb, apunta. <\/p>\n<p>Por eso, desde Guadalupex esperan que este \u00abanacronismo\u00bb tenga una pronta soluci\u00f3n. \u00abCreo que esa comisi\u00f3n puede ser un paso interesante. Tenemos que seguir luchando. Entre otras razones, no tiene ning\u00fan sentido que la patrona pertenezca a una comunidad ajena a su territorio\u00bb.<\/p>\n","protected":false},"excerpt":{"rendered":"<p>EL PERI\u00d3DICO EXTREMADURA 27-03-18 El Monasterio de Guadalupe pertenece a la Iglesia de Toledo desde hace casi ocho siglos. De eso, b\u00e1sicamente, se valen en aquella provincia eclesi\u00e1stica para dejar las cosas como est\u00e1n y seguir postergando el movimiento que desde hace d\u00e9cadas viene reclamando&#8230;<\/p>\n","protected":false},"author":1,"featured_media":0,"comment_status":"closed","ping_status":"closed","sticky":false,"template":"","format":"standard","meta":{"footnotes":""},"categories":[42],"tags":[],"_links":{"self":[{"href":"https:\/\/diocesisplasencia.org\/hemeroteca\/wp-json\/wp\/v2\/posts\/5063"}],"collection":[{"href":"https:\/\/diocesisplasencia.org\/hemeroteca\/wp-json\/wp\/v2\/posts"}],"about":[{"href":"https:\/\/diocesisplasencia.org\/hemeroteca\/wp-json\/wp\/v2\/types\/post"}],"author":[{"embeddable":true,"href":"https:\/\/diocesisplasencia.org\/hemeroteca\/wp-json\/wp\/v2\/users\/1"}],"replies":[{"embeddable":true,"href":"https:\/\/diocesisplasencia.org\/hemeroteca\/wp-json\/wp\/v2\/comments?post=5063"}],"version-history":[{"count":0,"href":"https:\/\/diocesisplasencia.org\/hemeroteca\/wp-json\/wp\/v2\/posts\/5063\/revisions"}],"wp:attachment":[{"href":"https:\/\/diocesisplasencia.org\/hemeroteca\/wp-json\/wp\/v2\/media?parent=5063"}],"wp:term":[{"taxonomy":"category","embeddable":true,"href":"https:\/\/diocesisplasencia.org\/hemeroteca\/wp-json\/wp\/v2\/categories?post=5063"},{"taxonomy":"post_tag","embeddable":true,"href":"https:\/\/diocesisplasencia.org\/hemeroteca\/wp-json\/wp\/v2\/tags?post=5063"}],"curies":[{"name":"wp","href":"https:\/\/api.w.org\/{rel}","templated":true}]}}