{"id":5058,"date":"2018-03-26T13:27:19","date_gmt":"2018-03-26T11:27:19","guid":{"rendered":"http:\/\/www.diocesisplasencia.org\/w\/?p=5058"},"modified":"2018-03-26T13:27:19","modified_gmt":"2018-03-26T11:27:19","slug":"los-obispos-extremeos-celebraron-su-encuentro-trimestral-en-badajoz","status":"publish","type":"post","link":"https:\/\/diocesisplasencia.org\/hemeroteca\/los-obispos-extremeos-celebraron-su-encuentro-trimestral-en-badajoz\/","title":{"rendered":"Los obispos extreme\u00f1os celebraron su encuentro trimestral en Badajoz"},"content":{"rendered":"<p><a href=\"http:\/\/www.diocesisplasencia.org\/w\/wp-content\/uploads\/2015\/Los-obispos-extremeos-celebraron-su-encu_BD51\/IMG_1135.jpg\"><img decoding=\"async\" title=\"IMG_1135\" style=\"border-left-width: 0px; border-right-width: 0px; background-image: none; border-bottom-width: 0px; padding-top: 0px; padding-left: 0px; display: inline; padding-right: 0px; border-top-width: 0px\" border=\"0\" alt=\"IMG_1135\" src=\"http:\/\/www.diocesisplasencia.org\/w\/wp-content\/uploads\/2015\/Los-obispos-extremeos-celebraron-su-encu_BD51\/IMG_1135_thumb.jpg\" width=\"244\" height=\"164\"><\/a><\/p>\n<p>Los tres obispos de la Provincia Eclesi\u00e1stica se reun\u00edan el pasado viernes, 23 de marzo, en Badajoz, un encuentro enmarcado dentro de los habituales contactos de los prelados. <\/p>\n<p><!--more--><\/p>\n<p>En ella han acordado conmemorar el 25 aniversario de la creaci\u00f3n la Provincia Eclesi\u00e1stica, que se cumple al a\u00f1o que viene. El primero de esos actos se adelanta al pr\u00f3ximo 9 de mayo y consistir\u00e1 en un encuentro del clero de M\u00e9rida-Badajoz, Coria-C\u00e1ceres y Plasencia en Guadalupe. En el encuentro ofrecer\u00e1 una conferencia el cardenal de Barcelona, Monse\u00f1or Juan Jos\u00e9 Omeya. Adem\u00e1s se quiere organizar tambi\u00e9n un encuentro de obispos, vicarios y arciprestes y, coincidiendo con la fecha de la celebraci\u00f3n del aniversario, llevar a cabo un acto en el mismo escenario: el Teatro Romano de M\u00e9rida.  <\/p>\n<p>Los obispos acordaron pedir una comisi\u00f3n de estudio a la Sagrada Congregaci\u00f3n de Obispos de la Santa Sede sobre Guadalupe y nombrar a Jes\u00fas P\u00e9rez Mayo nuevo director regional de C\u00e1ritas, cargo que ostentaba Jos\u00e9 Manuel L\u00f3pez Pereda. P\u00e9rez Mayo, actual director de C\u00e1ritas de M\u00e9rida-Badajoz, es profesor en la Facultad de Econ\u00f3micas de la Universidad de Extremadura.  <\/p>\n<p>Los obispos extreme\u00f1os valoraron positivamente la puesta en marcha de la escuela de acompa\u00f1amiento a los j\u00f3venes, inaugurada recientemente y conocieron de manos del abogado Francisco Lamoneda la sentencia del Tribunal Supremo sobre las clases de Religi\u00f3n, una sentencia que fue puesta en conocimiento de la Conferencia Episcopal Espa\u00f1ola, al afectar a todo el territorio espa\u00f1ol. <\/p>\n","protected":false},"excerpt":{"rendered":"<p>Los tres obispos de la Provincia Eclesi\u00e1stica se reun\u00edan el pasado viernes, 23 de marzo, en Badajoz, un encuentro enmarcado dentro de los habituales contactos de los prelados.<\/p>\n","protected":false},"author":1,"featured_media":0,"comment_status":"closed","ping_status":"closed","sticky":false,"template":"","format":"standard","meta":{"footnotes":""},"categories":[32],"tags":[],"_links":{"self":[{"href":"https:\/\/diocesisplasencia.org\/hemeroteca\/wp-json\/wp\/v2\/posts\/5058"}],"collection":[{"href":"https:\/\/diocesisplasencia.org\/hemeroteca\/wp-json\/wp\/v2\/posts"}],"about":[{"href":"https:\/\/diocesisplasencia.org\/hemeroteca\/wp-json\/wp\/v2\/types\/post"}],"author":[{"embeddable":true,"href":"https:\/\/diocesisplasencia.org\/hemeroteca\/wp-json\/wp\/v2\/users\/1"}],"replies":[{"embeddable":true,"href":"https:\/\/diocesisplasencia.org\/hemeroteca\/wp-json\/wp\/v2\/comments?post=5058"}],"version-history":[{"count":0,"href":"https:\/\/diocesisplasencia.org\/hemeroteca\/wp-json\/wp\/v2\/posts\/5058\/revisions"}],"wp:attachment":[{"href":"https:\/\/diocesisplasencia.org\/hemeroteca\/wp-json\/wp\/v2\/media?parent=5058"}],"wp:term":[{"taxonomy":"category","embeddable":true,"href":"https:\/\/diocesisplasencia.org\/hemeroteca\/wp-json\/wp\/v2\/categories?post=5058"},{"taxonomy":"post_tag","embeddable":true,"href":"https:\/\/diocesisplasencia.org\/hemeroteca\/wp-json\/wp\/v2\/tags?post=5058"}],"curies":[{"name":"wp","href":"https:\/\/api.w.org\/{rel}","templated":true}]}}