{"id":4981,"date":"2018-03-13T12:21:56","date_gmt":"2018-03-13T11:21:56","guid":{"rendered":"http:\/\/www.diocesisplasencia.org\/w\/?p=4981"},"modified":"2018-03-13T12:21:56","modified_gmt":"2018-03-13T11:21:56","slug":"oracin-vocacional-por-el-da-del-seminario","status":"publish","type":"post","link":"https:\/\/diocesisplasencia.org\/hemeroteca\/oracin-vocacional-por-el-da-del-seminario\/","title":{"rendered":"Oraci\u00f3n vocacional por el D\u00eda del Seminario"},"content":{"rendered":"<p><a href=\"http:\/\/www.diocesisplasencia.org\/w\/wp-content\/uploads\/2015\/Da-del-Seminario_A311\/12496175_1687261111491071_6964775770437733285_o.jpg\"><img decoding=\"async\" title=\"12496175_1687261111491071_6964775770437733285_o\" style=\"border-left-width: 0px; border-right-width: 0px; background-image: none; border-bottom-width: 0px; padding-top: 0px; padding-left: 0px; margin: 0px; display: inline; padding-right: 0px; border-top-width: 0px\" border=\"0\" alt=\"12496175_1687261111491071_6964775770437733285_o\" src=\"http:\/\/www.diocesisplasencia.org\/w\/wp-content\/uploads\/2015\/Da-del-Seminario_A311\/12496175_1687261111491071_6964775770437733285_o_thumb.jpg\" width=\"165\" height=\"244\"><\/a>  <\/p>\n<p>El domingo 18 de marzo nuestra di\u00f3cesis celebra el D\u00eda del Seminario. A las cinco de la tarde en el Seminario se llevar\u00e1 a cabo una oraci\u00f3n vocacional presidida por nuestro obispo. <\/p>\n<p><!--more--><\/p>\n<p>\u201cAp\u00f3stoles para los j\u00f3venes\u201d es el lema de este a\u00f1o para el D\u00eda del Seminario. Desde aqu\u00ed damos gracias a Dios por nuestros seminaristas y le pedimos por las vocaciones para la Di\u00f3cesis.  <\/p>\n<p>En el siguiente enlace se puede ver el especial Iglesia en Plasencia, por el D\u00eda del Seminario, con entrevistas a nuestros seminaristas.  <\/p>\n<p><a href=\"http:\/\/www.diocesisplasencia.org\/documentos\/482.pdf\" target=\"_blank\" rel=\"noopener noreferrer\">Entrevistas a nuestros seminaristas<\/a><\/p>\n","protected":false},"excerpt":{"rendered":"<p>El domingo 18 de marzo nuestra di\u00f3cesis celebra el D\u00eda del Seminario. A las cinco de la tarde en el Seminario se llevar\u00e1 a cabo una oraci\u00f3n vocacional presidida por nuestro obispo.<\/p>\n","protected":false},"author":1,"featured_media":0,"comment_status":"closed","ping_status":"closed","sticky":false,"template":"","format":"standard","meta":{"footnotes":""},"categories":[32],"tags":[],"_links":{"self":[{"href":"https:\/\/diocesisplasencia.org\/hemeroteca\/wp-json\/wp\/v2\/posts\/4981"}],"collection":[{"href":"https:\/\/diocesisplasencia.org\/hemeroteca\/wp-json\/wp\/v2\/posts"}],"about":[{"href":"https:\/\/diocesisplasencia.org\/hemeroteca\/wp-json\/wp\/v2\/types\/post"}],"author":[{"embeddable":true,"href":"https:\/\/diocesisplasencia.org\/hemeroteca\/wp-json\/wp\/v2\/users\/1"}],"replies":[{"embeddable":true,"href":"https:\/\/diocesisplasencia.org\/hemeroteca\/wp-json\/wp\/v2\/comments?post=4981"}],"version-history":[{"count":0,"href":"https:\/\/diocesisplasencia.org\/hemeroteca\/wp-json\/wp\/v2\/posts\/4981\/revisions"}],"wp:attachment":[{"href":"https:\/\/diocesisplasencia.org\/hemeroteca\/wp-json\/wp\/v2\/media?parent=4981"}],"wp:term":[{"taxonomy":"category","embeddable":true,"href":"https:\/\/diocesisplasencia.org\/hemeroteca\/wp-json\/wp\/v2\/categories?post=4981"},{"taxonomy":"post_tag","embeddable":true,"href":"https:\/\/diocesisplasencia.org\/hemeroteca\/wp-json\/wp\/v2\/tags?post=4981"}],"curies":[{"name":"wp","href":"https:\/\/api.w.org\/{rel}","templated":true}]}}