{"id":4965,"date":"2018-03-12T13:17:36","date_gmt":"2018-03-12T12:17:36","guid":{"rendered":"http:\/\/www.diocesisplasencia.org\/w\/?p=4965"},"modified":"2018-03-12T13:17:36","modified_gmt":"2018-03-12T12:17:36","slug":"muchas-felicidades-don-jos-luis","status":"publish","type":"post","link":"https:\/\/diocesisplasencia.org\/hemeroteca\/muchas-felicidades-don-jos-luis\/","title":{"rendered":"\u00a1Muchas Felicidades don Jos\u00e9 Luis!"},"content":{"rendered":"<p><a href=\"http:\/\/www.diocesisplasencia.org\/w\/wp-content\/uploads\/2015\/Muchas-Felicidades-don-Jos-Luis_BB5B\/Foto-1.jpg\"><img decoding=\"async\" title=\"Foto 1\" style=\"border-left-width: 0px; border-right-width: 0px; background-image: none; border-bottom-width: 0px; padding-top: 0px; padding-left: 0px; display: inline; padding-right: 0px; border-top-width: 0px\" border=\"0\" alt=\"Foto 1\" src=\"http:\/\/www.diocesisplasencia.org\/w\/wp-content\/uploads\/2015\/Muchas-Felicidades-don-Jos-Luis_BB5B\/Foto-1_thumb.jpg\" width=\"244\" height=\"164\"><\/a>  <\/p>\n<p>Hoy 12 de marzo cumple a\u00f1os nuestro Obispo Monse\u00f1or Jos\u00e9 Luis Retana por primera vez siendo obispo de nuestra Di\u00f3cesis.<\/p>\n<p><!--more--><\/p>\n<p>Muchas felicidades, que Dios le siga bendiciendo y tambi\u00e9n su Ministerio Episcopal. En este d\u00eda que celebramos, elevamos nuestra oraci\u00f3n a Dios, para que siga fortaleciendo y colm\u00e1ndolo de sus dones y gracias, para continuar siendo luz para el reba\u00f1o que Cristo le ha confiado y como Pastor de nuestra Di\u00f3cesis.<\/p>\n","protected":false},"excerpt":{"rendered":"<p>Hoy 12 de marzo cumple a\u00f1os nuestro Obispo Monse\u00f1or Jos\u00e9 Luis Retana por primera vez siendo obispo de nuestra Di\u00f3cesis.<\/p>\n","protected":false},"author":1,"featured_media":0,"comment_status":"closed","ping_status":"closed","sticky":false,"template":"","format":"standard","meta":{"footnotes":""},"categories":[32],"tags":[],"_links":{"self":[{"href":"https:\/\/diocesisplasencia.org\/hemeroteca\/wp-json\/wp\/v2\/posts\/4965"}],"collection":[{"href":"https:\/\/diocesisplasencia.org\/hemeroteca\/wp-json\/wp\/v2\/posts"}],"about":[{"href":"https:\/\/diocesisplasencia.org\/hemeroteca\/wp-json\/wp\/v2\/types\/post"}],"author":[{"embeddable":true,"href":"https:\/\/diocesisplasencia.org\/hemeroteca\/wp-json\/wp\/v2\/users\/1"}],"replies":[{"embeddable":true,"href":"https:\/\/diocesisplasencia.org\/hemeroteca\/wp-json\/wp\/v2\/comments?post=4965"}],"version-history":[{"count":0,"href":"https:\/\/diocesisplasencia.org\/hemeroteca\/wp-json\/wp\/v2\/posts\/4965\/revisions"}],"wp:attachment":[{"href":"https:\/\/diocesisplasencia.org\/hemeroteca\/wp-json\/wp\/v2\/media?parent=4965"}],"wp:term":[{"taxonomy":"category","embeddable":true,"href":"https:\/\/diocesisplasencia.org\/hemeroteca\/wp-json\/wp\/v2\/categories?post=4965"},{"taxonomy":"post_tag","embeddable":true,"href":"https:\/\/diocesisplasencia.org\/hemeroteca\/wp-json\/wp\/v2\/tags?post=4965"}],"curies":[{"name":"wp","href":"https:\/\/api.w.org\/{rel}","templated":true}]}}