{"id":4961,"date":"2018-03-09T12:29:41","date_gmt":"2018-03-09T11:29:41","guid":{"rendered":"http:\/\/www.diocesisplasencia.org\/w\/?p=4961"},"modified":"2018-03-09T12:29:41","modified_gmt":"2018-03-09T11:29:41","slug":"el-obispo-nombra-a-los-miembros-del-colegio-de-consultores","status":"publish","type":"post","link":"https:\/\/diocesisplasencia.org\/hemeroteca\/el-obispo-nombra-a-los-miembros-del-colegio-de-consultores\/","title":{"rendered":"El obispo nombra a los miembros del Colegio de Consultores"},"content":{"rendered":"<p><img decoding=\"async\" alt=\"Imagen relacionada\" src=\"https:\/\/encrypted-tbn0.gstatic.com\/images?q=tbn:ANd9GcRDXxz0NFSHpjVC7O_RWQfdTEeAlp6Z49ibvtxpNIGf3XxeIW61\" width=\"231\" height=\"154\"><\/p>\n<p>Constituido el nuevo Consejo Presbiteral, teniendo en cuenta que el Colegio de Consultores emana del mencionado Consejo por libre designaci\u00f3n del Obispo a tenor del canon 502 del vigente C\u00f3digo de Derecho Can\u00f3nico, por la presente hemos determinado proceder al nombramiento de los miembros del Colegio de Consultores, al cual competen las funciones establecidas por el derecho, a fin de contar con su ayuda en el ejercicio de nuestro ministerio pastoral, vengo a nombrar y nombro miembros del Colegio de Consultores a los presb\u00edteros:<\/p>\n<p><!--more--><\/p>\n<p>D. Francisco Rico Bayo<\/p>\n<p>D. Jos\u00e9 Luis Hermoso Borrajo<\/p>\n<p>D. Juan Antonio Luis Gal\u00e1n<\/p>\n<p>D. Antonio Cano Valleros<\/p>\n<p>D. Juan Manuel de Miguel S\u00e1nchez<\/p>\n<p>D. Leopoldo Hueso Mu\u00f1oz<\/p>\n<p>D. Eugenio Albalate Gonzalo<\/p>\n<p>D. Antonio Cabrera Herrera<\/p>\n<p>D. Juan Jos\u00e9 Gallego Palomero<\/p>\n<p>D. Jos\u00e9 Luis Garc\u00eda Franco<\/p>\n<p>D. Felipe Garc\u00eda Mateos<\/p>\n<p>D. Agust\u00edn Moreno Moreno<\/p>\n<p>Para lleva a cabo la misi\u00f3n que se les encomienda cuentan con la gracia de Dios, la intercesi\u00f3n de la Sant\u00edsima Virgen y la constante oraci\u00f3n de la comunidad cristiana.<\/p>\n<p align=\"right\"><em>Jos\u00e9 Luis Retana Gozalo<\/em><\/p>\n<p align=\"right\"><strong>Obispo de Plasencia<\/strong><\/p>\n","protected":false},"excerpt":{"rendered":"<p>Constituido el nuevo Consejo Presbiteral, teniendo en cuenta que el Colegio de Consultores emana del mencionado Consejo por libre designaci\u00f3n del Obispo a tenor del canon 502 del vigente C\u00f3digo de Derecho Can\u00f3nico, por la presente hemos determinado proceder al nombramiento de los miembros del&#8230;<\/p>\n","protected":false},"author":1,"featured_media":0,"comment_status":"closed","ping_status":"closed","sticky":false,"template":"","format":"standard","meta":{"footnotes":""},"categories":[32],"tags":[],"_links":{"self":[{"href":"https:\/\/diocesisplasencia.org\/hemeroteca\/wp-json\/wp\/v2\/posts\/4961"}],"collection":[{"href":"https:\/\/diocesisplasencia.org\/hemeroteca\/wp-json\/wp\/v2\/posts"}],"about":[{"href":"https:\/\/diocesisplasencia.org\/hemeroteca\/wp-json\/wp\/v2\/types\/post"}],"author":[{"embeddable":true,"href":"https:\/\/diocesisplasencia.org\/hemeroteca\/wp-json\/wp\/v2\/users\/1"}],"replies":[{"embeddable":true,"href":"https:\/\/diocesisplasencia.org\/hemeroteca\/wp-json\/wp\/v2\/comments?post=4961"}],"version-history":[{"count":0,"href":"https:\/\/diocesisplasencia.org\/hemeroteca\/wp-json\/wp\/v2\/posts\/4961\/revisions"}],"wp:attachment":[{"href":"https:\/\/diocesisplasencia.org\/hemeroteca\/wp-json\/wp\/v2\/media?parent=4961"}],"wp:term":[{"taxonomy":"category","embeddable":true,"href":"https:\/\/diocesisplasencia.org\/hemeroteca\/wp-json\/wp\/v2\/categories?post=4961"},{"taxonomy":"post_tag","embeddable":true,"href":"https:\/\/diocesisplasencia.org\/hemeroteca\/wp-json\/wp\/v2\/tags?post=4961"}],"curies":[{"name":"wp","href":"https:\/\/api.w.org\/{rel}","templated":true}]}}