{"id":4926,"date":"2018-03-08T11:07:00","date_gmt":"2018-03-08T10:07:00","guid":{"rendered":"http:\/\/www.diocesisplasencia.org\/w\/?p=4926"},"modified":"2018-03-08T11:07:00","modified_gmt":"2018-03-08T10:07:00","slug":"la-biblioteca-de-los-jesuitas-con-5-000-volmenes-se-va-a-catalogar","status":"publish","type":"post","link":"https:\/\/diocesisplasencia.org\/hemeroteca\/la-biblioteca-de-los-jesuitas-con-5-000-volmenes-se-va-a-catalogar\/","title":{"rendered":"La biblioteca de los Jesuitas, con 5.000 vol\u00famenes, se va a catalogar"},"content":{"rendered":"<p><a href=\"http:\/\/www.elperiodicoextremadura.com\/noticias\/plasencia\/biblioteca-jesuitas-5-000-volumenes-va-catalogar_1076611.html\" target=\"_blank\" rel=\"noopener noreferrer\">EL PERI\u00d3DICO EXTREMADURA 08-03-18<\/a><\/p>\n<p>El Obispado de Plasencia y la Fundaci\u00f3n Banco Sabadell han firmado un convenio para la catalogaci\u00f3n de la colecci\u00f3n de la conocida como biblioteca de los Jesuitas. Se trata de un fondo de unos 5.000 vol\u00famenes, que cre\u00f3 la Compa\u00f1\u00eda de Jes\u00fas entre los siglos XVI y XVIII.<!--more--><\/p>\n<p>Seg\u00fan ha informado el obispado, el objetivo de este proyecto es \u00abrevisar y catalogar la colecci\u00f3n bibliogr\u00e1fica para garantizar su salvaguarda y conservaci\u00f3n con la finalidad de promover actividades de difusi\u00f3n entre la comunidad cient\u00edfica y la sociedad extreme\u00f1a en general\u00bb.<\/p>\n<p>En cuanto a la tem\u00e1tica de las obras que re\u00fane la biblioteca, tratan de diferentes aspectos, como la filosof\u00eda, las humanidades, la antropolog\u00eda&#8230; y entre sus autores se encuentran Plat\u00f3n y el Padre Salmer\u00f3n, entre otros.<\/p>\n<p>El trabajo de catalogaci\u00f3n comenz\u00f3 el mes pasado y contempla dos fases, una de dos a\u00f1os de ejecuci\u00f3n para la catalogaci\u00f3n e inventariado, con un presupuesto de 25.000 euros de la fundaci\u00f3n, y una segunda de otros dos a\u00f1os para la digitalizaci\u00f3n.<\/p>\n","protected":false},"excerpt":{"rendered":"<p>EL PERI\u00d3DICO EXTREMADURA 08-03-18 El Obispado de Plasencia y la Fundaci\u00f3n Banco Sabadell han firmado un convenio para la catalogaci\u00f3n de la colecci\u00f3n de la conocida como biblioteca de los Jesuitas. Se trata de un fondo de unos 5.000 vol\u00famenes, que cre\u00f3 la Compa\u00f1\u00eda de&#8230;<\/p>\n","protected":false},"author":1,"featured_media":0,"comment_status":"closed","ping_status":"closed","sticky":false,"template":"","format":"standard","meta":{"footnotes":""},"categories":[42],"tags":[],"_links":{"self":[{"href":"https:\/\/diocesisplasencia.org\/hemeroteca\/wp-json\/wp\/v2\/posts\/4926"}],"collection":[{"href":"https:\/\/diocesisplasencia.org\/hemeroteca\/wp-json\/wp\/v2\/posts"}],"about":[{"href":"https:\/\/diocesisplasencia.org\/hemeroteca\/wp-json\/wp\/v2\/types\/post"}],"author":[{"embeddable":true,"href":"https:\/\/diocesisplasencia.org\/hemeroteca\/wp-json\/wp\/v2\/users\/1"}],"replies":[{"embeddable":true,"href":"https:\/\/diocesisplasencia.org\/hemeroteca\/wp-json\/wp\/v2\/comments?post=4926"}],"version-history":[{"count":0,"href":"https:\/\/diocesisplasencia.org\/hemeroteca\/wp-json\/wp\/v2\/posts\/4926\/revisions"}],"wp:attachment":[{"href":"https:\/\/diocesisplasencia.org\/hemeroteca\/wp-json\/wp\/v2\/media?parent=4926"}],"wp:term":[{"taxonomy":"category","embeddable":true,"href":"https:\/\/diocesisplasencia.org\/hemeroteca\/wp-json\/wp\/v2\/categories?post=4926"},{"taxonomy":"post_tag","embeddable":true,"href":"https:\/\/diocesisplasencia.org\/hemeroteca\/wp-json\/wp\/v2\/tags?post=4926"}],"curies":[{"name":"wp","href":"https:\/\/api.w.org\/{rel}","templated":true}]}}