{"id":4921,"date":"2018-03-08T10:57:52","date_gmt":"2018-03-08T09:57:52","guid":{"rendered":"http:\/\/www.diocesisplasencia.org\/w\/?p=4921"},"modified":"2018-03-08T10:57:52","modified_gmt":"2018-03-08T09:57:52","slug":"en-marcha-la-catalogacin-de-la-biblioteca-de-los-jesuitas-del-obispado","status":"publish","type":"post","link":"https:\/\/diocesisplasencia.org\/hemeroteca\/en-marcha-la-catalogacin-de-la-biblioteca-de-los-jesuitas-del-obispado\/","title":{"rendered":"En marcha la catalogaci\u00f3n de la biblioteca de los jesuitas del obispado"},"content":{"rendered":"<p><a href=\"http:\/\/www.diocesisplasencia.org\/w\/wp-content\/uploads\/2015\/En-marcha-la-catalogacin-de-la-bibliotec_9415\/IMG_6573.jpg\"><img decoding=\"async\" style=\"background-image: none; padding-top: 0px; padding-left: 0px; display: inline; padding-right: 0px; border: 0px;\" title=\"IMG_6573\" src=\"http:\/\/www.diocesisplasencia.org\/w\/wp-content\/uploads\/2015\/En-marcha-la-catalogacin-de-la-bibliotec_9415\/IMG_6573_thumb.jpg\" alt=\"IMG_6573\" width=\"244\" height=\"164\" border=\"0\" \/><\/a><\/p>\n<p>El objetivo del proyecto de catalogaci\u00f3n e inventariado, de la conocida como biblioteca de los Jesuitas del Obispado, es revisar y catalogar la colecci\u00f3n bibliogr\u00e1fica para garantizar su salvaguarda y conservaci\u00f3n con la finalidad de promover actividades de difusi\u00f3n entre la comunidad cient\u00edfica y la sociedad extreme\u00f1a en general.<!--more--><\/p>\n<p>Este fondo documental es un activo de primer orden del patrimonio hist\u00f3rico-bibliogr\u00e1fico extreme\u00f1o. La Compa\u00f1\u00eda de Jes\u00fas cre\u00f3 la colecci\u00f3n entre los siglos XVI y XVIII.\u00a0 La tem\u00e1tica de sus aproximados\u00a0 5.000 vol\u00famenes alcanza los \u00e1mbitos de la filosof\u00eda, las humanidades, la antropolog\u00eda, etc. y entre sus autores hallamos a Plat\u00f3n, al padre Salmer\u00f3n, etc.<\/p>\n<p>\u201cLa catalogaci\u00f3n de esta biblioteca ha sido siempre un empe\u00f1o de esta casa porque sab\u00edamos el rico patrimonio que alberga. Este proyecto se lo hemos presentado a otras instituciones y ha sido la Fundaci\u00f3n del Banco Sabadell la que lo ha apoyado, lo cual agradecemos\u201d explic\u00f3 don Antonio Luis Gal\u00e1n, Vicario de Patrimonio de la Di\u00f3cesis de Plasencia.<\/p>\n<p>El plazo de ejecuci\u00f3n del proyecto es de 22 meses y la aportaci\u00f3n econ\u00f3mica por parte de la Fundaci\u00f3n Banco Sabadell es de 25.000,00 Euros. La intenci\u00f3n es digitalizar despu\u00e9s los documentos m\u00e1s importantes y subirlos a la red.<\/p>\n<p>\u201cEsta biblioteca est\u00e1 distribuida en seis anaqueles. Lo que estoy haciendo es inventariar y catalogar, adem\u00e1s de limpiar todas las obras y restaurar los que est\u00e9n en peor estado. Ya podemos decir que hemos encontrado tres incunables y es posible que haya m\u00e1s\u201d indic\u00f3 Gorka D\u00edaz Majadas, t\u00e9cnico documentalista responsable del proyecto.<\/p>\n<p>El acto de presentaci\u00f3n del proyecto tuvo lugar el mi\u00e9rcoles 7 de marzo en el Palacio Episcopal de Plasencia con la participaci\u00f3n de Don Santiago Jos\u00e9 Portas Al\u00e9s, Director Segmento Instituciones Religiosas de Banco Sabadell y el Excmo. y Rvdmo. Sr. Jos\u00e9 Luis Retana Gozalo, Obispo de Plasencia. Adem\u00e1s de\u00a0 Don Rodrigo Molina Montes, Director Regional de Andaluc\u00eda Occidental, Don Alejandro Garc\u00eda Dur\u00e1n, Director de la Oficina de Banco Sabadell en Plasencia.<\/p>\n<p style=\"text-align: center;\">[masterslider id=\u00bb3&#8243;]<\/p>\n","protected":false},"excerpt":{"rendered":"<p>El objetivo del proyecto de catalogaci\u00f3n e inventariado, de la conocida como biblioteca de los Jesuitas del Obispado, es revisar y catalogar la colecci\u00f3n bibliogr\u00e1fica para garantizar su salvaguarda y conservaci\u00f3n con la finalidad de promover actividades de difusi\u00f3n entre la comunidad cient\u00edfica y la&#8230;<\/p>\n","protected":false},"author":1,"featured_media":0,"comment_status":"closed","ping_status":"closed","sticky":false,"template":"","format":"standard","meta":{"footnotes":""},"categories":[32],"tags":[],"_links":{"self":[{"href":"https:\/\/diocesisplasencia.org\/hemeroteca\/wp-json\/wp\/v2\/posts\/4921"}],"collection":[{"href":"https:\/\/diocesisplasencia.org\/hemeroteca\/wp-json\/wp\/v2\/posts"}],"about":[{"href":"https:\/\/diocesisplasencia.org\/hemeroteca\/wp-json\/wp\/v2\/types\/post"}],"author":[{"embeddable":true,"href":"https:\/\/diocesisplasencia.org\/hemeroteca\/wp-json\/wp\/v2\/users\/1"}],"replies":[{"embeddable":true,"href":"https:\/\/diocesisplasencia.org\/hemeroteca\/wp-json\/wp\/v2\/comments?post=4921"}],"version-history":[{"count":0,"href":"https:\/\/diocesisplasencia.org\/hemeroteca\/wp-json\/wp\/v2\/posts\/4921\/revisions"}],"wp:attachment":[{"href":"https:\/\/diocesisplasencia.org\/hemeroteca\/wp-json\/wp\/v2\/media?parent=4921"}],"wp:term":[{"taxonomy":"category","embeddable":true,"href":"https:\/\/diocesisplasencia.org\/hemeroteca\/wp-json\/wp\/v2\/categories?post=4921"},{"taxonomy":"post_tag","embeddable":true,"href":"https:\/\/diocesisplasencia.org\/hemeroteca\/wp-json\/wp\/v2\/tags?post=4921"}],"curies":[{"name":"wp","href":"https:\/\/api.w.org\/{rel}","templated":true}]}}