{"id":4897,"date":"2018-03-06T10:11:00","date_gmt":"2018-03-06T09:11:00","guid":{"rendered":"http:\/\/www.diocesisplasencia.org\/w\/?p=4897"},"modified":"2018-03-06T10:11:00","modified_gmt":"2018-03-06T09:11:00","slug":"el-arzobispo-de-oviedo-pregonero-el-da-16","status":"publish","type":"post","link":"https:\/\/diocesisplasencia.org\/hemeroteca\/el-arzobispo-de-oviedo-pregonero-el-da-16\/","title":{"rendered":"El arzobispo de Oviedo, pregonero el d\u00eda 16"},"content":{"rendered":"<p><a href=\"http:\/\/www.elperiodicoextremadura.com\/noticias\/plasencia\/arzobispo-oviedo-pregonero-dia-16_1076072.html\" target=\"_blank\" rel=\"noopener noreferrer\">EL PERI\u00d3DICO EXTREMADURA 06-03-18<\/a><\/p>\n<p>El arzobispo de Oviedo, Jes\u00fas Sanz Montes, ser\u00e1 el encargado de dar lectura al tradicional preg\u00f3n de la Semana Santa de Plasencia, que este a\u00f1o celebra el sexto aniversario de su declaraci\u00f3n como fiesta de Inter\u00e9s Tur\u00edstico Regional. El Obispado placentino ha anunciado que el prelado visitar\u00e1 la ciudad el d\u00eda 16 para participar en el acto que abre oficialmente la Semana Santa. La lectura del preg\u00f3n, abierta al p\u00fablico, ser\u00e1 a las 20.30 horas en la catedral, e incluir\u00e1 la actuaci\u00f3n de la banda de m\u00fasica Ciudad de Plasencia.<\/p>\n","protected":false},"excerpt":{"rendered":"<p>EL PERI\u00d3DICO EXTREMADURA 06-03-18 El arzobispo de Oviedo, Jes\u00fas Sanz Montes, ser\u00e1 el encargado de dar lectura al tradicional preg\u00f3n de la Semana Santa de Plasencia, que este a\u00f1o celebra el sexto aniversario de su declaraci\u00f3n como fiesta de Inter\u00e9s Tur\u00edstico Regional. El Obispado placentino&#8230;<\/p>\n","protected":false},"author":1,"featured_media":0,"comment_status":"closed","ping_status":"closed","sticky":false,"template":"","format":"standard","meta":{"footnotes":""},"categories":[42],"tags":[],"_links":{"self":[{"href":"https:\/\/diocesisplasencia.org\/hemeroteca\/wp-json\/wp\/v2\/posts\/4897"}],"collection":[{"href":"https:\/\/diocesisplasencia.org\/hemeroteca\/wp-json\/wp\/v2\/posts"}],"about":[{"href":"https:\/\/diocesisplasencia.org\/hemeroteca\/wp-json\/wp\/v2\/types\/post"}],"author":[{"embeddable":true,"href":"https:\/\/diocesisplasencia.org\/hemeroteca\/wp-json\/wp\/v2\/users\/1"}],"replies":[{"embeddable":true,"href":"https:\/\/diocesisplasencia.org\/hemeroteca\/wp-json\/wp\/v2\/comments?post=4897"}],"version-history":[{"count":0,"href":"https:\/\/diocesisplasencia.org\/hemeroteca\/wp-json\/wp\/v2\/posts\/4897\/revisions"}],"wp:attachment":[{"href":"https:\/\/diocesisplasencia.org\/hemeroteca\/wp-json\/wp\/v2\/media?parent=4897"}],"wp:term":[{"taxonomy":"category","embeddable":true,"href":"https:\/\/diocesisplasencia.org\/hemeroteca\/wp-json\/wp\/v2\/categories?post=4897"},{"taxonomy":"post_tag","embeddable":true,"href":"https:\/\/diocesisplasencia.org\/hemeroteca\/wp-json\/wp\/v2\/tags?post=4897"}],"curies":[{"name":"wp","href":"https:\/\/api.w.org\/{rel}","templated":true}]}}