{"id":4888,"date":"2018-02-27T11:52:00","date_gmt":"2018-02-27T10:52:00","guid":{"rendered":"http:\/\/www.diocesisplasencia.org\/w\/?p=4888"},"modified":"2018-02-27T11:52:00","modified_gmt":"2018-02-27T10:52:00","slug":"el-retablo-de-santo-domingo-en-los-museos-de-la-catedral","status":"publish","type":"post","link":"https:\/\/diocesisplasencia.org\/hemeroteca\/el-retablo-de-santo-domingo-en-los-museos-de-la-catedral\/","title":{"rendered":"El retablo de Santo Domingo en los museos de la Catedral"},"content":{"rendered":"<p><a href=\"http:\/\/cadenaser.com\/emisora\/2018\/02\/27\/ser_norte_de_extremadura\/1519717909_055217.html\" target=\"_blank\" rel=\"noopener noreferrer\">cadenaser.com 27-02-18<\/a><\/p>\n<p>M\u00e1s de un a\u00f1o ha tardado en restaurarse el retablo de azulejos de Talavera que se encontraba en la sacrist\u00eda de la iglesia de San Vicente Ferrer, m\u00e1s conocido como Santo Domingo. <\/p>\n<p>Un retablo que data del siglo XVI y que se le atribuye a Juan Fern\u00e1ndez, el que fuera ceramista de Felipe II. Un retablo que sali\u00f3 del templo cofrade ya que la sacrist\u00eda donde se encontraba no ten\u00eda las condiciones \u00f3ptimas de conservaci\u00f3n. <\/p>\n<p><!--more--><\/p>\n<p>La humedad hab\u00eda hecho que muchos de los azulejos se desprendieran e intervenciones anteriores de fijaci\u00f3n con masa de cemento estaban da\u00f1ando el esmalte de la obra. Tambi\u00e9n faltaban algunos azulejos que se han perdido con el paso de los a\u00f1os por expolio o por rotura. <\/p>\n<p><a><\/a> <\/p>\n<p>Detalle del Retablo de azulejos de la Sacrist\u00eda de Santo Domingo que muestra la cruz de la orden de los dominicos \/ Cadena SER  <\/p>\n<p>Un retablo cer\u00e1mico de 11,8 metros de largo y con una altura que llega a los 4,38 metros en su punto m\u00e1s alto. <\/p>\n<p>Desde hoy se puede visitar en una sala de los museos catedralicios tras la restauraci\u00f3n a la que se le ha sometido por parte de la Junta de Extremadura dentro del convenio de recuperaci\u00f3n del patrimonio Iglesia-Junta de Extremadura. La restauraci\u00f3n ha tenido un coste de 80.000 euros de los que 30.000 ha aportado la di\u00f3cesis de Plasencia.<\/p>\n","protected":false},"excerpt":{"rendered":"<p>cadenaser.com 27-02-18 M\u00e1s de un a\u00f1o ha tardado en restaurarse el retablo de azulejos de Talavera que se encontraba en la sacrist\u00eda de la iglesia de San Vicente Ferrer, m\u00e1s conocido como Santo Domingo. Un retablo que data del siglo XVI y que se le&#8230;<\/p>\n","protected":false},"author":1,"featured_media":0,"comment_status":"closed","ping_status":"closed","sticky":false,"template":"","format":"standard","meta":{"footnotes":""},"categories":[42],"tags":[],"_links":{"self":[{"href":"https:\/\/diocesisplasencia.org\/hemeroteca\/wp-json\/wp\/v2\/posts\/4888"}],"collection":[{"href":"https:\/\/diocesisplasencia.org\/hemeroteca\/wp-json\/wp\/v2\/posts"}],"about":[{"href":"https:\/\/diocesisplasencia.org\/hemeroteca\/wp-json\/wp\/v2\/types\/post"}],"author":[{"embeddable":true,"href":"https:\/\/diocesisplasencia.org\/hemeroteca\/wp-json\/wp\/v2\/users\/1"}],"replies":[{"embeddable":true,"href":"https:\/\/diocesisplasencia.org\/hemeroteca\/wp-json\/wp\/v2\/comments?post=4888"}],"version-history":[{"count":0,"href":"https:\/\/diocesisplasencia.org\/hemeroteca\/wp-json\/wp\/v2\/posts\/4888\/revisions"}],"wp:attachment":[{"href":"https:\/\/diocesisplasencia.org\/hemeroteca\/wp-json\/wp\/v2\/media?parent=4888"}],"wp:term":[{"taxonomy":"category","embeddable":true,"href":"https:\/\/diocesisplasencia.org\/hemeroteca\/wp-json\/wp\/v2\/categories?post=4888"},{"taxonomy":"post_tag","embeddable":true,"href":"https:\/\/diocesisplasencia.org\/hemeroteca\/wp-json\/wp\/v2\/tags?post=4888"}],"curies":[{"name":"wp","href":"https:\/\/api.w.org\/{rel}","templated":true}]}}