{"id":4876,"date":"2018-02-25T11:03:00","date_gmt":"2018-02-25T10:03:00","guid":{"rendered":"http:\/\/www.diocesisplasencia.org\/w\/?p=4876"},"modified":"2018-02-25T11:03:00","modified_gmt":"2018-02-25T10:03:00","slug":"la-dicesis-da-26-000-euros-a-proyectos-de-cooperacin","status":"publish","type":"post","link":"https:\/\/diocesisplasencia.org\/hemeroteca\/la-dicesis-da-26-000-euros-a-proyectos-de-cooperacin\/","title":{"rendered":"La di\u00f3cesis da 26.000 euros a proyectos de cooperaci\u00f3n"},"content":{"rendered":"<p><a href=\"http:\/\/www.elperiodicoextremadura.com\/noticias\/plasencia\/diocesis-da-26-000-euros-proyectos-cooperacion_1074255.html\" target=\"_blank\" rel=\"noopener noreferrer\">EL PERI\u00d3DICO EXTREMADURA 25-02-18<\/a><\/p>\n<p>El Fondo Diocesano del 1% para Proyectos de Desarrollo y Solidaridad del Obispado de Plasencia destinar\u00e1 este a\u00f1o 26.409,64 euros a 14 proyectos solidarios en varios pa\u00edses.<\/p>\n<p><!--more--><\/p>\n<p><p>Seg\u00fan ha informado el Obispado, este fondo se nutre del 1% de los ingresos ordinarios de la curia diocesana, parroquias, hermandades y cofrad\u00edas, adem\u00e1s de los movimientos y asociaciones eclesiales. Tambi\u00e9n, de la colaboraci\u00f3n voluntaria del 1% de los ingresos ordinarios de las comunidades religiosas presentes en la di\u00f3cesis y de los donativos de personas e instituciones. <\/p>\n<p>Este a\u00f1o, se han aprobado catorce proyectos con dotaciones que van de los 934,94 a los 3.300 euros y se desarrollar\u00e1n en Per\u00fa, Honduras, Colombia, Nicaragua, Camer\u00fan, Brasil, Zimbabue, Vanuatu (Ocean\u00eda), N\u00edger, Kenia, Costa de Marfil y El Salvador.<\/p>\n","protected":false},"excerpt":{"rendered":"<p>EL PERI\u00d3DICO EXTREMADURA 25-02-18 El Fondo Diocesano del 1% para Proyectos de Desarrollo y Solidaridad del Obispado de Plasencia destinar\u00e1 este a\u00f1o 26.409,64 euros a 14 proyectos solidarios en varios pa\u00edses.<\/p>\n","protected":false},"author":1,"featured_media":0,"comment_status":"closed","ping_status":"closed","sticky":false,"template":"","format":"standard","meta":{"footnotes":""},"categories":[42],"tags":[],"_links":{"self":[{"href":"https:\/\/diocesisplasencia.org\/hemeroteca\/wp-json\/wp\/v2\/posts\/4876"}],"collection":[{"href":"https:\/\/diocesisplasencia.org\/hemeroteca\/wp-json\/wp\/v2\/posts"}],"about":[{"href":"https:\/\/diocesisplasencia.org\/hemeroteca\/wp-json\/wp\/v2\/types\/post"}],"author":[{"embeddable":true,"href":"https:\/\/diocesisplasencia.org\/hemeroteca\/wp-json\/wp\/v2\/users\/1"}],"replies":[{"embeddable":true,"href":"https:\/\/diocesisplasencia.org\/hemeroteca\/wp-json\/wp\/v2\/comments?post=4876"}],"version-history":[{"count":0,"href":"https:\/\/diocesisplasencia.org\/hemeroteca\/wp-json\/wp\/v2\/posts\/4876\/revisions"}],"wp:attachment":[{"href":"https:\/\/diocesisplasencia.org\/hemeroteca\/wp-json\/wp\/v2\/media?parent=4876"}],"wp:term":[{"taxonomy":"category","embeddable":true,"href":"https:\/\/diocesisplasencia.org\/hemeroteca\/wp-json\/wp\/v2\/categories?post=4876"},{"taxonomy":"post_tag","embeddable":true,"href":"https:\/\/diocesisplasencia.org\/hemeroteca\/wp-json\/wp\/v2\/tags?post=4876"}],"curies":[{"name":"wp","href":"https:\/\/api.w.org\/{rel}","templated":true}]}}