{"id":4852,"date":"2018-02-13T10:38:19","date_gmt":"2018-02-13T09:38:19","guid":{"rendered":"http:\/\/www.diocesisplasencia.org\/w\/?p=4852"},"modified":"2018-02-13T10:38:19","modified_gmt":"2018-02-13T09:38:19","slug":"carta-de-nuestro-obispo-a-toda-la-dicesis","status":"publish","type":"post","link":"https:\/\/diocesisplasencia.org\/hemeroteca\/carta-de-nuestro-obispo-a-toda-la-dicesis\/","title":{"rendered":"Carta de nuestro obispo a toda la Di\u00f3cesis"},"content":{"rendered":"<p><a href=\"http:\/\/www.diocesisplasencia.org\/w\/wp-content\/uploads\/2015\/Carta-de-nuestro-obispo-a-toda-la-Dicesi_94B4\/JOSE-LUIS-RETANA-01.jpg\"><img decoding=\"async\" title=\"JOSE LUIS RETANA 01\" style=\"border-left-width: 0px; border-right-width: 0px; background-image: none; border-bottom-width: 0px; padding-top: 0px; padding-left: 0px; display: inline; padding-right: 0px; border-top-width: 0px\" border=\"0\" alt=\"JOSE LUIS RETANA 01\" src=\"http:\/\/www.diocesisplasencia.org\/w\/wp-content\/uploads\/2015\/Carta-de-nuestro-obispo-a-toda-la-Dicesi_94B4\/JOSE-LUIS-RETANA-01_thumb.jpg\" width=\"244\" height=\"164\"><\/a>  <\/p>\n<p>Plasencia, 6 de febrero de 2018  <\/p>\n<p>Queridos sacerdotes, religiosos, religiosas y laicos, diocesanos de Plasencia: hoy hace un mes, durante mi participaci\u00f3n en los Ejercicios Espirituales para Obispos (se conoce que el Esp\u00edritu Santo se pas\u00f3 un poquito), me apareci\u00f3 una diplop\u00eda (visi\u00f3n doble; al menos que suene bien), que me ha impedido estar presente en varios actos de car\u00e1cter diocesano. Muchos me hab\u00e9is escrito, llamado o preguntado, interes\u00e1ndoos por mi salud. Despu\u00e9s de numerosas pruebas, todo parece normal.<\/p>\n<p><!--more--><\/p>\n<p>Estos acontecimientos a veces no los entendemos y nos descolocan. \u00bfC\u00f3mo, tras un conocimiento primero de la Di\u00f3cesis, cuando comenz\u00e1bamos una relaci\u00f3n hermosa y en el momento en que hab\u00eda que iniciar actividades y decisiones importantes, me sorprende esta dificultad, que, sin ser grave, me limita para muchas cosas?  <\/p>\n<p>Para m\u00ed supone un serio ejercicio de paciencia. Pido al Se\u00f1or fortaleza y saber afrontarlo de buen grado, incluso con alegr\u00eda; y est\u00e1 resultando una purificaci\u00f3n grande, consciente de que son ciertas las palabras que Tom\u00e1s Moro escribe desde la c\u00e1rcel a su hija Margarita: \u201cTen, pues, buen \u00e1nimo, hija m\u00eda y no te preocupes por m\u00ed, sea lo que sea que me pase en este mundo. Nada puede pasarme que Dios no quiera.  <\/p>\n<p>Y todo lo que \u00e9l quiere, por muy malo que nos parezca, es en realidad lo mejor\u201d. Esta es mi convicci\u00f3n. Quiz\u00e1 el Se\u00f1or nos quiere recordar una vez m\u00e1s que es \u00c9l el que hace las cosas, contando con nuestra pobreza y debilidad, como en el caso de Mar\u00eda.  <\/p>\n<p>Desde el primer d\u00eda de mi episcopado os dije que ven\u00eda decidido a serviros. Pero el ministerio objetivo, que nos ha aferrado con la ordenaci\u00f3n, requiere no tanto el empe\u00f1o de algo nuestro, cuanto el ser tomados para servir, seg\u00fan una c\u00e9lebre expresi\u00f3n de von Balthasar. En una intervenci\u00f3n de 1961, recuerda un episodio sucedido en el verano de 1927, durante un retiro ignaciano, en el que brota la semilla de la vocaci\u00f3n: \u00abTodav\u00eda hoy, treinta a\u00f1os despu\u00e9s, podr\u00eda volver a aquel sendero de la Selva Negra, no lejos de Basilea, y hallar de nuevo el \u00e1rbol bajo el cual sent\u00ed el impacto de algo as\u00ed como un rayo&#8230; lo que entonces me vino a la cabeza de repente fue sencillamente esto: \u201cT\u00fa no tienes que elegir nada. T\u00fa has sido llamado. T\u00fa no tendr\u00e1s que servir. T\u00fa ser\u00e1s tomado para servir. No tienes que hacer planes de ning\u00fan tipo; eres s\u00f3lo una piedrecilla de un mosaico preparado desde hace mucho tiempo\u201d. Todo lo que yo ten\u00eda que hacer era simplemente dejarlo todo y seguir, sin hacer planes, sin el deseo de experimentar intuiciones particulares.  <\/p>\n<p>S\u00f3lo deb\u00eda estar all\u00ed, para ver a qu\u00e9 ten\u00eda que servir\u00bb. Por otra parte estoy ciertamente conmovido, comprobando c\u00f3mo todo un pueblo se pone a mendigar del Se\u00f1or la salud de su Obispo, no con una petici\u00f3n formal, sino verdadera. Una vez m\u00e1s comprobamos que lo que m\u00e1s desea nuestro coraz\u00f3n no nos lo podemos dar nosotros mismos, por eso lo pedimos al \u00fanico que puede concederlo. Que \u00c9l os lo pague.  <\/p>\n<p>Yo os lo agradezco de coraz\u00f3n. Esto tardar\u00e1 un tiempo en corregirse. A m\u00ed el primero se me pide paciencia. Mientras tanto, os ruego que cada uno desde su responsabilidad eclesial, trabaje en la medida de sus fuerzas por el bien de su comunidad y de la entera Iglesia diocesana. Estoy convencido de que lo har\u00e9is as\u00ed y doy gracias al Se\u00f1or por ello.  <\/p>\n<p>Os env\u00edo mi saludo afectuoso y agradecido y mi bendici\u00f3n.  <\/p>\n<p align=\"right\"><em>+D. Jos\u00e9 Luis Retana Gozalo<\/em>  <\/p>\n<p align=\"right\"><strong>Obispo de Plasencia<\/strong><\/p>\n","protected":false},"excerpt":{"rendered":"<p>Plasencia, 6 de febrero de 2018 Queridos sacerdotes, religiosos, religiosas y laicos, diocesanos de Plasencia: hoy hace un mes, durante mi participaci\u00f3n en los Ejercicios Espirituales para Obispos (se conoce que el Esp\u00edritu Santo se pas\u00f3 un poquito), me apareci\u00f3 una diplop\u00eda (visi\u00f3n doble; al&#8230;<\/p>\n","protected":false},"author":1,"featured_media":0,"comment_status":"closed","ping_status":"closed","sticky":false,"template":"","format":"standard","meta":{"footnotes":""},"categories":[32],"tags":[],"_links":{"self":[{"href":"https:\/\/diocesisplasencia.org\/hemeroteca\/wp-json\/wp\/v2\/posts\/4852"}],"collection":[{"href":"https:\/\/diocesisplasencia.org\/hemeroteca\/wp-json\/wp\/v2\/posts"}],"about":[{"href":"https:\/\/diocesisplasencia.org\/hemeroteca\/wp-json\/wp\/v2\/types\/post"}],"author":[{"embeddable":true,"href":"https:\/\/diocesisplasencia.org\/hemeroteca\/wp-json\/wp\/v2\/users\/1"}],"replies":[{"embeddable":true,"href":"https:\/\/diocesisplasencia.org\/hemeroteca\/wp-json\/wp\/v2\/comments?post=4852"}],"version-history":[{"count":0,"href":"https:\/\/diocesisplasencia.org\/hemeroteca\/wp-json\/wp\/v2\/posts\/4852\/revisions"}],"wp:attachment":[{"href":"https:\/\/diocesisplasencia.org\/hemeroteca\/wp-json\/wp\/v2\/media?parent=4852"}],"wp:term":[{"taxonomy":"category","embeddable":true,"href":"https:\/\/diocesisplasencia.org\/hemeroteca\/wp-json\/wp\/v2\/categories?post=4852"},{"taxonomy":"post_tag","embeddable":true,"href":"https:\/\/diocesisplasencia.org\/hemeroteca\/wp-json\/wp\/v2\/tags?post=4852"}],"curies":[{"name":"wp","href":"https:\/\/api.w.org\/{rel}","templated":true}]}}