{"id":4823,"date":"2018-01-24T10:09:27","date_gmt":"2018-01-24T09:09:27","guid":{"rendered":"http:\/\/www.diocesisplasencia.org\/w\/?p=4823"},"modified":"2018-01-24T10:09:27","modified_gmt":"2018-01-24T09:09:27","slug":"peregrinacin-diocesana-a-roma-4","status":"publish","type":"post","link":"https:\/\/diocesisplasencia.org\/hemeroteca\/peregrinacin-diocesana-a-roma-4\/","title":{"rendered":"Peregrinaci\u00f3n diocesana a Roma"},"content":{"rendered":"<p><a href=\"http:\/\/www.diocesisplasencia.org\/w\/wp-content\/uploads\/2015\/f8fd91882a1e_8E60\/Scan10044.jpg\"><img decoding=\"async\" title=\"Scan10044\" style=\"border-left-width: 0px; border-right-width: 0px; background-image: none; border-bottom-width: 0px; padding-top: 0px; padding-left: 0px; display: inline; padding-right: 0px; border-top-width: 0px\" border=\"0\" alt=\"Scan10044\" src=\"http:\/\/www.diocesisplasencia.org\/w\/wp-content\/uploads\/2015\/f8fd91882a1e_8E60\/Scan10044_thumb.jpg\" width=\"171\" height=\"244\"><\/a><\/p>\n<p>Del 1 al 8 de marzo, el secretariado diocesano de Religiosidad Popular, Santuarios y Peregrinaciones, ha organizado una a\u00f1o m\u00e1s una peregrinaci\u00f3n diocesana a Roma, presidida por el se\u00f1or obispo.<\/p>\n<p><!--more--><\/p>\n<p>Los peregrinos visitar\u00e1n Mil\u00e1n, Venecia, Florencia, Padua, As\u00eds y Roma. M\u00e1s informaci\u00f3n e inscripciones en el&nbsp; tel\u00e9fono 927422656.<\/p>\n","protected":false},"excerpt":{"rendered":"<p>Del 1 al 8 de marzo, el secretariado diocesano de Religiosidad Popular, Santuarios y Peregrinaciones, ha organizado una a\u00f1o m\u00e1s una peregrinaci\u00f3n diocesana a Roma, presidida por el se\u00f1or obispo.<\/p>\n","protected":false},"author":1,"featured_media":0,"comment_status":"closed","ping_status":"closed","sticky":false,"template":"","format":"standard","meta":{"footnotes":""},"categories":[32],"tags":[],"_links":{"self":[{"href":"https:\/\/diocesisplasencia.org\/hemeroteca\/wp-json\/wp\/v2\/posts\/4823"}],"collection":[{"href":"https:\/\/diocesisplasencia.org\/hemeroteca\/wp-json\/wp\/v2\/posts"}],"about":[{"href":"https:\/\/diocesisplasencia.org\/hemeroteca\/wp-json\/wp\/v2\/types\/post"}],"author":[{"embeddable":true,"href":"https:\/\/diocesisplasencia.org\/hemeroteca\/wp-json\/wp\/v2\/users\/1"}],"replies":[{"embeddable":true,"href":"https:\/\/diocesisplasencia.org\/hemeroteca\/wp-json\/wp\/v2\/comments?post=4823"}],"version-history":[{"count":0,"href":"https:\/\/diocesisplasencia.org\/hemeroteca\/wp-json\/wp\/v2\/posts\/4823\/revisions"}],"wp:attachment":[{"href":"https:\/\/diocesisplasencia.org\/hemeroteca\/wp-json\/wp\/v2\/media?parent=4823"}],"wp:term":[{"taxonomy":"category","embeddable":true,"href":"https:\/\/diocesisplasencia.org\/hemeroteca\/wp-json\/wp\/v2\/categories?post=4823"},{"taxonomy":"post_tag","embeddable":true,"href":"https:\/\/diocesisplasencia.org\/hemeroteca\/wp-json\/wp\/v2\/tags?post=4823"}],"curies":[{"name":"wp","href":"https:\/\/api.w.org\/{rel}","templated":true}]}}