{"id":4805,"date":"2018-01-18T10:00:08","date_gmt":"2018-01-18T09:00:08","guid":{"rendered":"http:\/\/www.diocesisplasencia.org\/w\/?p=4805"},"modified":"2018-01-18T10:00:08","modified_gmt":"2018-01-18T09:00:08","slug":"semana-de-oracin-por-la-unidad-de-los-cristianos-5","status":"publish","type":"post","link":"https:\/\/diocesisplasencia.org\/hemeroteca\/semana-de-oracin-por-la-unidad-de-los-cristianos-5\/","title":{"rendered":"Semana de Oraci\u00f3n por la Unidad de los Cristianos"},"content":{"rendered":"<p><a href=\"http:\/\/www.diocesisplasencia.org\/w\/wp-content\/uploads\/2015\/12f83beca3c6_8CE6\/clip_image002.gif\"><img decoding=\"async\" title=\"clip_image002\" style=\"border-left-width: 0px; border-right-width: 0px; background-image: none; border-bottom-width: 0px; padding-top: 0px; padding-left: 0px; display: inline; padding-right: 0px; border-top-width: 0px\" border=\"0\" alt=\"clip_image002\" src=\"http:\/\/www.diocesisplasencia.org\/w\/wp-content\/uploads\/2015\/12f83beca3c6_8CE6\/clip_image002_thumb.gif\" width=\"167\" height=\"240\"><\/a><\/p>\n<p>\u201cFue tu diestra quien lo hizo, Se\u00f1or, resplandeciente de poder\u201d (Ex 15, 16) es el lema para la Semana de Oraci\u00f3n por la Unidad de los Cristianos 2018 que se celebra del 18 al 25 de enero. Desde hace ya algunos a\u00f1os, el Consejo Ecum\u00e9nico de las Iglesias y el Pontificio Consejo para la Promoci\u00f3n de la Unidad de los Cristianos encargan los materiales de oraci\u00f3n para esta semana a Iglesias y Comunidades eclesiales confesionales diversas de alguna regi\u00f3n geogr\u00e1fica.<!--more-->En esta ocasi\u00f3n, para la semana de oraci\u00f3n de 2018, se lo han pedido a las Iglesias y comunidades de la regi\u00f3n del Caribe. La Semana de Oraci\u00f3n por la Unidad de los Cristianos, recuerdan los obispos de la Comisi\u00f3n Episcopal de Relaciones Interconfesionales en su mensaje, \u201ces ocasi\u00f3n propicia para que conozcamos mejor el di\u00e1logo de la Iglesia cat\u00f3lica con las Iglesias y Comunidades eclesiales sobre la doctrina de la fe, llevado adelante con gran esfuerzo y dedicaci\u00f3n\u201d. Y adem\u00e1s a\u00f1aden que, \u201cEs ocasi\u00f3n asimismo para conocernos mejor, porque los cristianos hemos de afrontar juntos el reto de una sociedad que, siendo cristiana en sus or\u00edgenes, se aleja de la tradici\u00f3n cristiana de fe. Es, sobre todo, ocasi\u00f3n propicia, para intensificar la oraci\u00f3n por la unidad visible de la Iglesia, porque esta unidad s\u00f3lo puede d\u00e1rnosla Dios, que es misericordioso, como don que cause nuestra alegr\u00eda, libr\u00e1ndonos de las cadenas que condicionan y atan nuestra libertad de hijos de Dios\u201d.  <\/p>\n<p><b>Programa<\/b>  <\/p>\n<p><i><\/i> <\/p>\n<p>Organizado por la delegaci\u00f3n diocesana de Ecumenismo, en la iglesia de las Monjas Clarisas Capuchinas situada en la calle Hern\u00e1n Cort\u00e9s, n\u00famero 13, de Plasencia, se llevar\u00e1n a cabo las celebraciones por la Unidad de los Cristianos, del 18 al 25 de enero a las cinco de la tarde.  <\/p>\n<p><b><\/b> <\/p>\n<p><b>Jueves 18<\/b>, preside Confer Diocesana de Plasencia.  <\/p>\n<p><b>Viernes 19<\/b>, Secretariado de Cofrad\u00edas y Uni\u00f3n de Cofrad\u00edas Penitenciales de Plasencia.  <\/p>\n<p><b>S\u00e1bado 20<\/b>, parroquia rumana ortodoxa de Plasencia.  <\/p>\n<p><b>Domingo 21<\/b>, Iglesia Reformada Evang\u00e9lica de Plasencia.  <\/p>\n<p><b>Lunes 22<\/b>, parroquia del Salvador y C\u00e1ritas Diocesana e Interparroquial de Plasencia.  <\/p>\n<p><b>Martes 23<\/b>, parroquia de Santa Elena y Comunidades Neocatecumenales de Plasencia.  <\/p>\n<p><b>Mi\u00e9rcoles 24<\/b>, Adoraci\u00f3n Nocturna Femenina.  <\/p>\n<p><b>Jueves 25<\/b>, preside el Se\u00f1or Obispo con la delegaci\u00f3n diocesana de Ecumenismo. <\/p>\n","protected":false},"excerpt":{"rendered":"<p>\u201cFue tu diestra quien lo hizo, Se\u00f1or, resplandeciente de poder\u201d (Ex 15, 16) es el lema para la Semana de Oraci\u00f3n por la Unidad de los Cristianos 2018 que se celebra del 18 al 25 de enero. Desde hace ya algunos a\u00f1os, el Consejo Ecum\u00e9nico&#8230;<\/p>\n","protected":false},"author":1,"featured_media":0,"comment_status":"closed","ping_status":"closed","sticky":false,"template":"","format":"standard","meta":{"footnotes":""},"categories":[32],"tags":[],"_links":{"self":[{"href":"https:\/\/diocesisplasencia.org\/hemeroteca\/wp-json\/wp\/v2\/posts\/4805"}],"collection":[{"href":"https:\/\/diocesisplasencia.org\/hemeroteca\/wp-json\/wp\/v2\/posts"}],"about":[{"href":"https:\/\/diocesisplasencia.org\/hemeroteca\/wp-json\/wp\/v2\/types\/post"}],"author":[{"embeddable":true,"href":"https:\/\/diocesisplasencia.org\/hemeroteca\/wp-json\/wp\/v2\/users\/1"}],"replies":[{"embeddable":true,"href":"https:\/\/diocesisplasencia.org\/hemeroteca\/wp-json\/wp\/v2\/comments?post=4805"}],"version-history":[{"count":0,"href":"https:\/\/diocesisplasencia.org\/hemeroteca\/wp-json\/wp\/v2\/posts\/4805\/revisions"}],"wp:attachment":[{"href":"https:\/\/diocesisplasencia.org\/hemeroteca\/wp-json\/wp\/v2\/media?parent=4805"}],"wp:term":[{"taxonomy":"category","embeddable":true,"href":"https:\/\/diocesisplasencia.org\/hemeroteca\/wp-json\/wp\/v2\/categories?post=4805"},{"taxonomy":"post_tag","embeddable":true,"href":"https:\/\/diocesisplasencia.org\/hemeroteca\/wp-json\/wp\/v2\/tags?post=4805"}],"curies":[{"name":"wp","href":"https:\/\/api.w.org\/{rel}","templated":true}]}}