{"id":4798,"date":"2018-01-15T10:14:26","date_gmt":"2018-01-15T09:14:26","guid":{"rendered":"http:\/\/www.diocesisplasencia.org\/w\/?p=4798"},"modified":"2018-01-15T10:14:26","modified_gmt":"2018-01-15T09:14:26","slug":"jornada-de-formacin-para-profesores-de-religin","status":"publish","type":"post","link":"https:\/\/diocesisplasencia.org\/hemeroteca\/jornada-de-formacin-para-profesores-de-religin\/","title":{"rendered":"Jornada de formaci\u00f3n para profesores de Religi\u00f3n"},"content":{"rendered":"<p><a href=\"http:\/\/www.diocesisplasencia.org\/w\/wp-content\/uploads\/2015\/107c794e20ba_8FBC\/13-1-18-3.jpg\"><img decoding=\"async\" title=\"13-1-18 (3)\" style=\"border-left-width: 0px; border-right-width: 0px; background-image: none; border-bottom-width: 0px; padding-top: 0px; padding-left: 0px; display: inline; padding-right: 0px; border-top-width: 0px\" border=\"0\" alt=\"13-1-18 (3)\" src=\"http:\/\/www.diocesisplasencia.org\/w\/wp-content\/uploads\/2015\/107c794e20ba_8FBC\/13-1-18-3_thumb.jpg\" width=\"244\" height=\"184\"><\/a>  <\/p>\n<p>&nbsp; <\/p>\n<p>El s\u00e1bado 13 de enero se realiz\u00f3 una jornada de formaci\u00f3n para profesores de Religi\u00f3n, en el colegio Sagrado Coraz\u00f3n, de Trujillo, organizada por el Secretariado diocesano de Ense\u00f1anza y el servicio pedag\u00f3gico de EDELVIVES.<!--more-->Corri\u00f3 a cargo de Pilar Ram\u00edrez y Jes\u00fas Mario, que hablaron sobre c\u00f3mo presentar una imagen actualizada y correcta de Jes\u00fas, a los ni\u00f1os y j\u00f3venes. Utilizar expresiones o im\u00e1genes de Jes\u00fas a las que esta generaci\u00f3n no est\u00e1 acostumbrada puede llevar a que obtengan una idea distorsionada o err\u00f3nea de Jes\u00fas. Presentaron ejemplos para llevarlo a cabo sin distorsionar la figura de Jes\u00fas o rebajar su mensaje; y mostraron tambi\u00e9n casos en los que \u00e9sta se presenta deformada.  <\/p>\n<p>&nbsp; <\/p>\n<p>Por \u00faltimo se dieron diversas informaciones sobre acoso escolar, \u201cciberacoso\u201d y cuestiones legales y administrativas.<\/p>\n","protected":false},"excerpt":{"rendered":"<p>&nbsp; El s\u00e1bado 13 de enero se realiz\u00f3 una jornada de formaci\u00f3n para profesores de Religi\u00f3n, en el colegio Sagrado Coraz\u00f3n, de Trujillo, organizada por el Secretariado diocesano de Ense\u00f1anza y el servicio pedag\u00f3gico de EDELVIVES.<\/p>\n","protected":false},"author":1,"featured_media":0,"comment_status":"closed","ping_status":"closed","sticky":false,"template":"","format":"standard","meta":{"footnotes":""},"categories":[32],"tags":[],"_links":{"self":[{"href":"https:\/\/diocesisplasencia.org\/hemeroteca\/wp-json\/wp\/v2\/posts\/4798"}],"collection":[{"href":"https:\/\/diocesisplasencia.org\/hemeroteca\/wp-json\/wp\/v2\/posts"}],"about":[{"href":"https:\/\/diocesisplasencia.org\/hemeroteca\/wp-json\/wp\/v2\/types\/post"}],"author":[{"embeddable":true,"href":"https:\/\/diocesisplasencia.org\/hemeroteca\/wp-json\/wp\/v2\/users\/1"}],"replies":[{"embeddable":true,"href":"https:\/\/diocesisplasencia.org\/hemeroteca\/wp-json\/wp\/v2\/comments?post=4798"}],"version-history":[{"count":0,"href":"https:\/\/diocesisplasencia.org\/hemeroteca\/wp-json\/wp\/v2\/posts\/4798\/revisions"}],"wp:attachment":[{"href":"https:\/\/diocesisplasencia.org\/hemeroteca\/wp-json\/wp\/v2\/media?parent=4798"}],"wp:term":[{"taxonomy":"category","embeddable":true,"href":"https:\/\/diocesisplasencia.org\/hemeroteca\/wp-json\/wp\/v2\/categories?post=4798"},{"taxonomy":"post_tag","embeddable":true,"href":"https:\/\/diocesisplasencia.org\/hemeroteca\/wp-json\/wp\/v2\/tags?post=4798"}],"curies":[{"name":"wp","href":"https:\/\/api.w.org\/{rel}","templated":true}]}}