{"id":4782,"date":"2018-01-10T11:03:35","date_gmt":"2018-01-10T10:03:35","guid":{"rendered":"http:\/\/www.diocesisplasencia.org\/w\/?p=4782"},"modified":"2018-01-10T11:03:35","modified_gmt":"2018-01-10T10:03:35","slug":"don-benito-acoge-las-jornadas-interdiocesanas-de-migraciones","status":"publish","type":"post","link":"https:\/\/diocesisplasencia.org\/hemeroteca\/don-benito-acoge-las-jornadas-interdiocesanas-de-migraciones\/","title":{"rendered":"Don Benito acoge las jornadas interdiocesanas de Migraciones"},"content":{"rendered":"<p><a href=\"http:\/\/www.diocesisplasencia.org\/w\/wp-content\/uploads\/2015\/Don-Benito-acoge-las-jornadas-interdioce_9BA8\/2018_jornada_migraciones_cartel.jpg\"><img decoding=\"async\" title=\"cartel jornada ELEGIDO castellano 48x34 marcas barras\" style=\"border-left-width: 0px; border-right-width: 0px; background-image: none; border-bottom-width: 0px; padding-top: 0px; padding-left: 0px; margin: 0px; display: inline; padding-right: 0px; border-top-width: 0px\" border=\"0\" alt=\"cartel jornada ELEGIDO castellano 48x34 marcas barras\" src=\"http:\/\/www.diocesisplasencia.org\/w\/wp-content\/uploads\/2015\/Don-Benito-acoge-las-jornadas-interdioce_9BA8\/2018_jornada_migraciones_cartel_thumb.jpg\" width=\"244\" height=\"173\"><\/a><\/p>\n<p>En colaboraci\u00f3n con las di\u00f3cesis hermanas de M\u00e9rida-Badajoz y Coria-C\u00e1ceres, el Secretariado Diocesano de Migraciones ha organizado la cuarta edici\u00f3n de las Jornadas Interdiocesanas de Migraciones, con motivo de la celebraci\u00f3n de la Jornada Mundial del Emigrante y el Refugiado, el domingo 14 de enero. <\/p>\n<p><!--more--><\/p>\n<p><p>La Jornada Mundial del Emigrante y del Refugiado se celebra con el lema, \u201cAcoger, proteger, promover e integrar a los emigrantes y refugiados\u201c.  <\/p>\n<p><b>Programa<\/b>  <\/p>\n<p>10,00: ACOGIDA. En la FEVAL. All\u00ed ser\u00e1 la recepci\u00f3n, por parte de los inmigrantes de Don Benito, a todos los asistentes que vienen de Badajoz, M\u00e9rida, C\u00e1ceres y Plasencia. Se tomar\u00e1 un caf\u00e9 y nos organizaremos para ir en Manifestaci\u00f3n hacia la Plaza, con las banderas de los distintos pa\u00edses y la pancarta elaborada con el lema de este a\u00f1o: ACOGER, PROTEGER, PROMOVER E INTEFRAR A LOS MIGRANTES Y REFUGIADOS\u201d.  <\/p>\n<p>A las 11,00: Visita guiada al Museo Etnogr\u00e1fico.  <\/p>\n<p>A las 13,00: EUCARIST\u00cdA, en la Parroquia de SANTIAGO. Presidida por D. Jos\u00e9 Luis, Obispo de Plasencia y concelebrada por el P\u00e1rroco y los Delegados Diocesanos de Migraciones. La celebraci\u00f3n est\u00e1 ya preparada con la participaci\u00f3n de inmigrantes de las tres di\u00f3cesis extreme\u00f1as.  <\/p>\n<p>A las 14,00: Comida compartida en los Salones Parroquiales de Santiago.  <\/p>\n<p>A las 16,00: Festival-Convivencia, en el Teatro Imperial y la participaci\u00f3n de alg\u00fan grupo de Don Benito.  <\/p>\n<p>A las 17,30: Finalizaci\u00f3n de la Jornada y despedida.<\/p>\n","protected":false},"excerpt":{"rendered":"<p>En colaboraci\u00f3n con las di\u00f3cesis hermanas de M\u00e9rida-Badajoz y Coria-C\u00e1ceres, el Secretariado Diocesano de Migraciones ha organizado la cuarta edici\u00f3n de las Jornadas Interdiocesanas de Migraciones, con motivo de la celebraci\u00f3n de la Jornada Mundial del Emigrante y el Refugiado, el domingo 14 de enero.<\/p>\n","protected":false},"author":1,"featured_media":0,"comment_status":"closed","ping_status":"closed","sticky":false,"template":"","format":"standard","meta":{"footnotes":""},"categories":[32],"tags":[],"_links":{"self":[{"href":"https:\/\/diocesisplasencia.org\/hemeroteca\/wp-json\/wp\/v2\/posts\/4782"}],"collection":[{"href":"https:\/\/diocesisplasencia.org\/hemeroteca\/wp-json\/wp\/v2\/posts"}],"about":[{"href":"https:\/\/diocesisplasencia.org\/hemeroteca\/wp-json\/wp\/v2\/types\/post"}],"author":[{"embeddable":true,"href":"https:\/\/diocesisplasencia.org\/hemeroteca\/wp-json\/wp\/v2\/users\/1"}],"replies":[{"embeddable":true,"href":"https:\/\/diocesisplasencia.org\/hemeroteca\/wp-json\/wp\/v2\/comments?post=4782"}],"version-history":[{"count":0,"href":"https:\/\/diocesisplasencia.org\/hemeroteca\/wp-json\/wp\/v2\/posts\/4782\/revisions"}],"wp:attachment":[{"href":"https:\/\/diocesisplasencia.org\/hemeroteca\/wp-json\/wp\/v2\/media?parent=4782"}],"wp:term":[{"taxonomy":"category","embeddable":true,"href":"https:\/\/diocesisplasencia.org\/hemeroteca\/wp-json\/wp\/v2\/categories?post=4782"},{"taxonomy":"post_tag","embeddable":true,"href":"https:\/\/diocesisplasencia.org\/hemeroteca\/wp-json\/wp\/v2\/tags?post=4782"}],"curies":[{"name":"wp","href":"https:\/\/api.w.org\/{rel}","templated":true}]}}