{"id":4776,"date":"2018-01-03T12:35:37","date_gmt":"2018-01-03T11:35:37","guid":{"rendered":"http:\/\/www.diocesisplasencia.org\/w\/?p=4776"},"modified":"2018-01-03T12:35:37","modified_gmt":"2018-01-03T11:35:37","slug":"nuestro-obispo-comenta-el-evangelio-en-13-tv","status":"publish","type":"post","link":"https:\/\/diocesisplasencia.org\/hemeroteca\/nuestro-obispo-comenta-el-evangelio-en-13-tv\/","title":{"rendered":"Nuestro obispo comenta el Evangelio en 13 TV"},"content":{"rendered":"<p><a href=\"http:\/\/www.diocesisplasencia.org\/w\/wp-content\/uploads\/2015\/Nuestro-obispo-comenta-el-Evangelio-en-1_B0CB\/IMG_6380.jpg\"><img decoding=\"async\" title=\"IMG_6380\" style=\"border-left-width: 0px; border-right-width: 0px; background-image: none; border-bottom-width: 0px; padding-top: 0px; padding-left: 0px; display: inline; padding-right: 0px; border-top-width: 0px\" border=\"0\" alt=\"IMG_6380\" src=\"http:\/\/www.diocesisplasencia.org\/w\/wp-content\/uploads\/2015\/Nuestro-obispo-comenta-el-Evangelio-en-1_B0CB\/IMG_6380_thumb.jpg\" width=\"244\" height=\"164\"><\/a>  <\/p>\n<p>Durante toda esta primera semana de enero, nuestro obispo, Don Jos\u00e9 Luis Retana, comenta en 13 TV el Evangelio del d\u00eda.<\/p>\n<p><!--more--><\/p>\n<p><strong>Horario<\/strong> <\/p>\n<p>De martes a viernes a las 11.00 horas.  <\/p>\n<p>S\u00e1bado, Epifan\u00eda del Se\u00f1or, a las 12.00 horas.  <\/p>\n<p>Domingo, Bautismo del Se\u00f1or, a las 9.30 horas.  <\/p>\n<p>Para verlo desde el principio, recomendamos conectar con 13 TV, unos minutos antes de la hora indicada m\u00e1s arriba. Gracias.<\/p>\n","protected":false},"excerpt":{"rendered":"<p>Durante toda esta primera semana de enero, nuestro obispo, Don Jos\u00e9 Luis Retana, comenta en 13 TV el Evangelio del d\u00eda.<\/p>\n","protected":false},"author":1,"featured_media":0,"comment_status":"closed","ping_status":"closed","sticky":false,"template":"","format":"standard","meta":{"footnotes":""},"categories":[32],"tags":[],"_links":{"self":[{"href":"https:\/\/diocesisplasencia.org\/hemeroteca\/wp-json\/wp\/v2\/posts\/4776"}],"collection":[{"href":"https:\/\/diocesisplasencia.org\/hemeroteca\/wp-json\/wp\/v2\/posts"}],"about":[{"href":"https:\/\/diocesisplasencia.org\/hemeroteca\/wp-json\/wp\/v2\/types\/post"}],"author":[{"embeddable":true,"href":"https:\/\/diocesisplasencia.org\/hemeroteca\/wp-json\/wp\/v2\/users\/1"}],"replies":[{"embeddable":true,"href":"https:\/\/diocesisplasencia.org\/hemeroteca\/wp-json\/wp\/v2\/comments?post=4776"}],"version-history":[{"count":0,"href":"https:\/\/diocesisplasencia.org\/hemeroteca\/wp-json\/wp\/v2\/posts\/4776\/revisions"}],"wp:attachment":[{"href":"https:\/\/diocesisplasencia.org\/hemeroteca\/wp-json\/wp\/v2\/media?parent=4776"}],"wp:term":[{"taxonomy":"category","embeddable":true,"href":"https:\/\/diocesisplasencia.org\/hemeroteca\/wp-json\/wp\/v2\/categories?post=4776"},{"taxonomy":"post_tag","embeddable":true,"href":"https:\/\/diocesisplasencia.org\/hemeroteca\/wp-json\/wp\/v2\/tags?post=4776"}],"curies":[{"name":"wp","href":"https:\/\/api.w.org\/{rel}","templated":true}]}}