{"id":4769,"date":"2017-12-22T10:18:27","date_gmt":"2017-12-22T09:18:27","guid":{"rendered":"http:\/\/www.diocesisplasencia.org\/w\/?p=4769"},"modified":"2017-12-22T10:18:27","modified_gmt":"2017-12-22T09:18:27","slug":"feliz-y-santa-navidad","status":"publish","type":"post","link":"https:\/\/diocesisplasencia.org\/hemeroteca\/feliz-y-santa-navidad\/","title":{"rendered":"\u00a1FELIZ Y SANTA NAVIDAD!"},"content":{"rendered":"<p><a href=\"http:\/\/www.diocesisplasencia.org\/w\/wp-content\/uploads\/2015\/FELIZ-Y-SANTA-NAVIDAD_90E4\/IMG_6381.jpg\"><img decoding=\"async\" title=\"IMG_6381\" style=\"border-left-width: 0px; border-right-width: 0px; background-image: none; border-bottom-width: 0px; padding-top: 0px; padding-left: 0px; display: inline; padding-right: 0px; border-top-width: 0px\" border=\"0\" alt=\"IMG_6381\" src=\"http:\/\/www.diocesisplasencia.org\/w\/wp-content\/uploads\/2015\/FELIZ-Y-SANTA-NAVIDAD_90E4\/IMG_6381_thumb.jpg\" width=\"164\" height=\"244\"><\/a><\/p>\n<p><b>Mis queridos diocesanos placentinos: el mismo d\u00eda de Nochebuena se cumplir\u00e1n seis meses de mi estancia entre vosotros como Obispo de la Di\u00f3cesis. Lo primero que deseo expresar es mi gratitud por vuestra acogida; me he sentido acogido con gran afecto por todos. Muchos de vosotros me lo hab\u00e9is expresado expl\u00edcitamente. Yo he intentado e intento corresponder en la misma forma y con la misma medida.<\/b><\/p>\n<p><!--more--><\/p>\n<p><b>Voy a pasar mi primera Navidad entre vosotros. Este Adviento est\u00e1 siendo muy especial para m\u00ed. Tambi\u00e9n yo deseo predisponerme para la venida del Se\u00f1or para ser colmado de su gracia cuando venga. El Salvador que esperamos es capaz de transformar nuestra vida con la fuerza de su amor. De hecho ya la ha transformado. Ya no entiendo ni un instante de mi vida si no es para el Se\u00f1or y para vuestro servicio. Desde el primer instante del d\u00eda est\u00e1is presentes conmigo ante el Se\u00f1or.<\/b>  <\/p>\n<p><b>Como os dec\u00eda en mi felicitaci\u00f3n, en Navidad, vivida conscientemente, podemos experimentar el amor de Dios, que con ternura se inclina sobre nuestro l\u00edmite y sobre nuestro pecado. Porque quiere encontrarse con nosotros. Esto es muy importante porque su persona es la verdadera Luz que ilumina todas las oscuridades que envuelven nuestra vida.<\/b>  <\/p>\n<p><b>Os deseo a cada uno y a todas las familias que celebr\u00e9is una Navidad verdaderamente cristiana, con la alegr\u00eda que da la certeza de Saber que Dios no quiere dejarnos solos y desea recorrer con nosotros el camino de la vida.<\/b>  <\/p>\n<p><b>Felicito la Navidad de un modo especial a todos los que tienen alg\u00fan motivo importante para no disfrutar de esta alegr\u00eda: enfermos y ancianos solos, familias rotas, personas sin trabajo\u2026 a cuantos sufren de cualquier modo y por cualquier causa. Recordad que Dios os quiere y va con vosotros. El Se\u00f1or viene para abrazar vuestro dolor y vuestra dificultad.<\/b>  <\/p>\n<p><b>\u00a1Feliz y Santa Navidad a todos! Con la bendici\u00f3n de vuestro obispo.<\/b><\/p>\n","protected":false},"excerpt":{"rendered":"<p>Mis queridos diocesanos placentinos: el mismo d\u00eda de Nochebuena se cumplir\u00e1n seis meses de mi estancia entre vosotros como Obispo de la Di\u00f3cesis. Lo primero que deseo expresar es mi gratitud por vuestra acogida; me he sentido acogido con gran afecto por todos. Muchos de&#8230;<\/p>\n","protected":false},"author":1,"featured_media":0,"comment_status":"closed","ping_status":"closed","sticky":false,"template":"","format":"standard","meta":{"footnotes":""},"categories":[28],"tags":[],"_links":{"self":[{"href":"https:\/\/diocesisplasencia.org\/hemeroteca\/wp-json\/wp\/v2\/posts\/4769"}],"collection":[{"href":"https:\/\/diocesisplasencia.org\/hemeroteca\/wp-json\/wp\/v2\/posts"}],"about":[{"href":"https:\/\/diocesisplasencia.org\/hemeroteca\/wp-json\/wp\/v2\/types\/post"}],"author":[{"embeddable":true,"href":"https:\/\/diocesisplasencia.org\/hemeroteca\/wp-json\/wp\/v2\/users\/1"}],"replies":[{"embeddable":true,"href":"https:\/\/diocesisplasencia.org\/hemeroteca\/wp-json\/wp\/v2\/comments?post=4769"}],"version-history":[{"count":0,"href":"https:\/\/diocesisplasencia.org\/hemeroteca\/wp-json\/wp\/v2\/posts\/4769\/revisions"}],"wp:attachment":[{"href":"https:\/\/diocesisplasencia.org\/hemeroteca\/wp-json\/wp\/v2\/media?parent=4769"}],"wp:term":[{"taxonomy":"category","embeddable":true,"href":"https:\/\/diocesisplasencia.org\/hemeroteca\/wp-json\/wp\/v2\/categories?post=4769"},{"taxonomy":"post_tag","embeddable":true,"href":"https:\/\/diocesisplasencia.org\/hemeroteca\/wp-json\/wp\/v2\/tags?post=4769"}],"curies":[{"name":"wp","href":"https:\/\/api.w.org\/{rel}","templated":true}]}}